{"id":473855,"date":"2017-04-13T11:09:11","date_gmt":"2017-04-13T16:09:11","guid":{"rendered":"https:\/\/www.futboltotal.com.mx\/?p=473855"},"modified":"2017-04-13T11:09:11","modified_gmt":"2017-04-13T16:09:11","slug":"bale-puede-perderse-la-vuelta-cuartos-ante-bayern","status":"publish","type":"post","link":"http:\/\/desarrollo.grupomedios.com\/futbol\/futbol-internacional\/bale-puede-perderse-la-vuelta-cuartos-ante-bayern\/2017\/04","title":{"rendered":"Bale puede perderse la Vuelta de Cuartos ante Bayern"},"content":{"rendered":"<p>Despu\u00e9s de haber presentando problemas f\u00edsicos y haber sido sustituido al inicio de la segunda parte en el duelo ante <strong>Bayern M\u00fanich<\/strong>, el delantero del Real Madrid,\u00a0<strong>Gareth Bale<\/strong>,\u00a0est\u00e1 en duda para la Vuelta de Cuartos de Final en Champions League.<\/p>\n<p>&#8220;En el descanso Gareth se he resentido de algo y yo no quiero arriesgar. Vamos a ver como evoluciona&#8221;, dijo el entrenador justificando la salida del gal\u00e9s.<\/p>\n<p style=\"text-align: center;\"><a href=\"https:\/\/www.futboltotal.com.mx\/2017\/04\/cristiano-ronaldo-impone-record-goles-en-europa\/\"><span style=\"color: #3366ff;\">VER M\u00c1S: Cristiano impone r\u00e9cord y llega a 100 goles en competencias UEFA<\/span><\/a><\/p>\n<blockquote><p>&#8220;De momento lo tiene mal. Pero espero que sea poca cosa. Es una lesi\u00f3n muscular en el s\u00f3leo&#8221;, dijo sin dar m\u00e1s detalles el preparador franc\u00e9s.<\/p><\/blockquote>\n<p><strong>Gareth Bale<\/strong> ser\u00e1 sometido a pruebas m\u00e9dicas y para el duelo de este s\u00e1bado para enfrentar al Sporting de Gij\u00f3n est\u00e1 descartado. Su participaci\u00f3n aun sigue en duda para el cotejo del pr\u00f3ximo mi\u00e9rcoles en el Santiago Bernab\u00e9u.<\/p>\n<p>S\u00edguenos en Twitter: <a href=\"https:\/\/twitter.com\/MXFutbolTotal\" target=\"_blank\">@MXFutbolTotal<\/a><\/p>\n<div class=\"boxNota\"><\/div>\n<p>&nbsp;<\/p>\n","protected":false},"excerpt":{"rendered":"<p>El gal\u00e9s sufri\u00f3 una lesi\u00f3n en el s\u00f3leo; no jugar\u00e1 contra el Sporting de Gij\u00f3n. <\/p>\n","protected":false},"author":20,"featured_media":473860,"comment_status":"closed","ping_status":"closed","sticky":false,"template":"","format":"standard","meta":[],"categories":[3841,3839,3844],"tags":[6043,5988],"_links":{"self":[{"href":"http:\/\/desarrollo.grupomedios.com\/futbol\/wp-json\/wp\/v2\/posts\/473855"}],"collection":[{"href":"http:\/\/desarrollo.grupomedios.com\/futbol\/wp-json\/wp\/v2\/posts"}],"about":[{"href":"http:\/\/desarrollo.grupomedios.com\/futbol\/wp-json\/wp\/v2\/types\/post"}],"author":[{"embeddable":true,"href":"http:\/\/desarrollo.grupomedios.com\/futbol\/wp-json\/wp\/v2\/users\/20"}],"replies":[{"embeddable":true,"href":"http:\/\/desarrollo.grupomedios.com\/futbol\/wp-json\/wp\/v2\/comments?post=473855"}],"version-history":[{"count":1,"href":"http:\/\/desarrollo.grupomedios.com\/futbol\/wp-json\/wp\/v2\/posts\/473855\/revisions"}],"predecessor-version":[{"id":473861,"href":"http:\/\/desarrollo.grupomedios.com\/futbol\/wp-json\/wp\/v2\/posts\/473855\/revisions\/473861"}],"wp:featuredmedia":[{"embeddable":true,"href":"http:\/\/desarrollo.grupomedios.com\/futbol\/wp-json\/wp\/v2\/media\/473860"}],"wp:attachment":[{"href":"http:\/\/desarrollo.grupomedios.com\/futbol\/wp-json\/wp\/v2\/media?parent=473855"}],"wp:term":[{"taxonomy":"category","embeddable":true,"href":"http:\/\/desarrollo.grupomedios.com\/futbol\/wp-json\/wp\/v2\/categories?post=473855"},{"taxonomy":"post_tag","embeddable":true,"href":"http:\/\/desarrollo.grupomedios.com\/futbol\/wp-json\/wp\/v2\/tags?post=473855"}],"curies":[{"name":"wp","href":"https:\/\/api.w.org\/{rel}","templated":true}]}}