{"id":473900,"date":"2017-04-13T14:30:00","date_gmt":"2017-04-13T19:30:00","guid":{"rendered":"https:\/\/www.futboltotal.com.mx\/?p=473900"},"modified":"2017-04-13T14:30:00","modified_gmt":"2017-04-13T19:30:00","slug":"figuras-han-triunfado-en-copa-libertadores-champions-league","status":"publish","type":"post","link":"http:\/\/desarrollo.grupomedios.com\/futbol\/futbol-internacional\/figuras-han-triunfado-en-copa-libertadores-champions-league\/2017\/04","title":{"rendered":"\u00bfQu\u00e9 figuras han triunfado en Copa Libertadores y Champions League?"},"content":{"rendered":"<p>Son los dos m\u00e1s grandes torneos de clubes a nivel mundial: la <strong>Copa Libertadores<\/strong> y la <strong>Champions League<\/strong>. El primero es peleado por los clubes sudamericanos, mientras que el segundo es un lujo, simplemente el mejor futbol del planeta jugado por las figuras del balompi\u00e9 europeo.<\/p>\n<p>La lista de futbolistas que han triunfado en ambas competencias no es muy amplia y resulta selecta, m\u00e1s corta lo es la de los nombres que han ganado los dos trofeos.<\/p>\n<p style=\"text-align: center;\"><span style=\"color: #003300;\"><a style=\"color: #003300;\" href=\"https:\/\/www.futboltotal.com.mx\/2017\/04\/rafa-marquez-operado-en-duda-confederaciones\/\">VER M\u00c1S: Rafa M\u00e1rquez, operado y en duda para Confederaciones<\/a><\/span><\/p>\n<p>Cracks a la altura de <strong>Ronaldinho<\/strong> hay pocos, s\u00f3lo unos cuantos como \u00e9l tienen el honor de haber levantado los dos t\u00edtulos. \u00bfQuieres saber qui\u00e9nes m\u00e1s lo consiguieron? No dejes de ver este video.<\/p>\n<p>[video_player]https:\/\/player.vimeo.com\/external\/213129901.hd.mp4?s=226b0dc5064268d4b98c71a0c1b55450f4ac8447&amp;profile_id=119|wide[\/video_player]<\/p>\n<p style=\"text-align: center;\"><a href=\"https:\/\/twitter.com\/KICK\">Twitter Kick<\/a> | <a href=\"https:\/\/www.facebook.com\/kick\/\">Facebook Kick<\/a><\/p>\n","protected":false},"excerpt":{"rendered":"<p>La lista de futbolistas que han triunfado en ambas competencias es selecta.<\/p>\n","protected":false},"author":20,"featured_media":473902,"comment_status":"closed","ping_status":"closed","sticky":false,"template":"","format":"standard","meta":[],"categories":[3841,3859,3839],"tags":[8469,1741,97,36,1396,2855,6001,5997],"_links":{"self":[{"href":"http:\/\/desarrollo.grupomedios.com\/futbol\/wp-json\/wp\/v2\/posts\/473900"}],"collection":[{"href":"http:\/\/desarrollo.grupomedios.com\/futbol\/wp-json\/wp\/v2\/posts"}],"about":[{"href":"http:\/\/desarrollo.grupomedios.com\/futbol\/wp-json\/wp\/v2\/types\/post"}],"author":[{"embeddable":true,"href":"http:\/\/desarrollo.grupomedios.com\/futbol\/wp-json\/wp\/v2\/users\/20"}],"replies":[{"embeddable":true,"href":"http:\/\/desarrollo.grupomedios.com\/futbol\/wp-json\/wp\/v2\/comments?post=473900"}],"version-history":[{"count":1,"href":"http:\/\/desarrollo.grupomedios.com\/futbol\/wp-json\/wp\/v2\/posts\/473900\/revisions"}],"predecessor-version":[{"id":473903,"href":"http:\/\/desarrollo.grupomedios.com\/futbol\/wp-json\/wp\/v2\/posts\/473900\/revisions\/473903"}],"wp:featuredmedia":[{"embeddable":true,"href":"http:\/\/desarrollo.grupomedios.com\/futbol\/wp-json\/wp\/v2\/media\/473902"}],"wp:attachment":[{"href":"http:\/\/desarrollo.grupomedios.com\/futbol\/wp-json\/wp\/v2\/media?parent=473900"}],"wp:term":[{"taxonomy":"category","embeddable":true,"href":"http:\/\/desarrollo.grupomedios.com\/futbol\/wp-json\/wp\/v2\/categories?post=473900"},{"taxonomy":"post_tag","embeddable":true,"href":"http:\/\/desarrollo.grupomedios.com\/futbol\/wp-json\/wp\/v2\/tags?post=473900"}],"curies":[{"name":"wp","href":"https:\/\/api.w.org\/{rel}","templated":true}]}}