{"id":473907,"date":"2017-04-13T14:55:43","date_gmt":"2017-04-13T19:55:43","guid":{"rendered":"https:\/\/www.futboltotal.com.mx\/?p=473907"},"modified":"2017-04-13T14:55:43","modified_gmt":"2017-04-13T19:55:43","slug":"cancha-del-lyon-es-invadida-tras-rina-entre-aficionados","status":"publish","type":"post","link":"http:\/\/desarrollo.grupomedios.com\/futbol\/videos\/cancha-del-lyon-es-invadida-tras-rina-entre-aficionados\/2017\/04","title":{"rendered":"Cancha del Lyon es invadida tras ri\u00f1a entre aficionados"},"content":{"rendered":"<p>El campo del <strong>Olympique de Lyon<\/strong> fue invadido hoy y posteriormente desalojado por las fuerzas del orden tras una pelea antes del partido entre aficionados del equipo local y del <strong>Besiktas<\/strong>, que tambi\u00e9n hab\u00edan provocado disturbios a la entrada del recinto.<\/p>\n<blockquote class=\"twitter-tweet\" data-lang=\"es\">\n<p dir=\"ltr\" lang=\"es\">Hinchas del Besiktas y Lyon protagonizaron una batalla: tuvo que intervenir la polic\u00eda. Ahora, todo m\u00e1s tranquilo, \u00bfarrancar\u00e1 el partido? <a href=\"https:\/\/t.co\/XaGUZTJFS5\">pic.twitter.com\/XaGUZTJFS5<\/a><\/p>\n<p>\u2014 SportsCenter (@SC_ESPN) <a href=\"https:\/\/twitter.com\/SC_ESPN\/status\/852605692833869827\">13 de abril de 2017<\/a><\/p><\/blockquote>\n<p><script async src=\"\/\/platform.twitter.com\/widgets.js\" charset=\"utf-8\"><\/script><\/p>\n<p>Un testigo local cont\u00f3 a EFE que un grupo de seguidores turcos lanz\u00f3 desde las gradas de arriba en el fondo sur petardos a los asientos de las filas inferiores, donde se encontraban los integrantes del Lyon 1950.<\/p>\n<p>Algunos de ellos fueron al encuentro de la afici\u00f3n turca con \u00e1nimo de pelea, mientras que otros se lanzaron al campo para huir de los petardos.<\/p>\n<p style=\"text-align: center;\"><span style=\"color: #3366ff;\"><a style=\"color: #3366ff;\" href=\"https:\/\/www.futboltotal.com.mx\/2017\/04\/revelan-supuesto-contenido-manuscrito-hallado-borussia\/\" target=\"_blank\"><strong>LEER M\u00c1S: Revelan contenido del manuscrito hallado por Borussia<\/strong><\/a><\/span><\/p>\n<p>Radicales turcos, seg\u00fan a\u00f1adi\u00f3 el diario &#8220;L&#8217;\u00c9quipe&#8221;, acabaron tambi\u00e9n bajando al terreno de juego, hasta que la intervenci\u00f3n de los antidisturbios, que se produjo sin incidentes, puso fin al altercado.<\/p>\n<blockquote class=\"twitter-video\" data-lang=\"es\">\n<p dir=\"ltr\" lang=\"es\">Ultras turcos del <a href=\"https:\/\/twitter.com\/hashtag\/Besiktas?src=hash\">#Besiktas<\/a> atacaron a los de <a href=\"https:\/\/twitter.com\/hashtag\/Lyon?src=hash\">#Lyon<\/a> obligando a retrasar el partido de la <a href=\"https:\/\/twitter.com\/hashtag\/EuropaLeague?src=hash\">#EuropaLeague<\/a> <a href=\"https:\/\/t.co\/ZXjlJ7Anli\">pic.twitter.com\/ZXjlJ7Anli<\/a><\/p>\n<p>\u2014 La Pasi\u00f3n F\u00fatbol (@la_pasionfutbol) <a href=\"https:\/\/twitter.com\/la_pasionfutbol\/status\/852606727379877889\">13 de abril de 2017<\/a><\/p><\/blockquote>\n<p><script async src=\"\/\/platform.twitter.com\/widgets.js\" charset=\"utf-8\"><\/script><\/p>\n<p>Poco antes del encuentro, en los alrededores del estadio, se hab\u00edan registrado peleas igualmente entre aficionados turcos y franceses, as\u00ed como un encontronazo entre militantes del <strong>Besiktas<\/strong> contra las fuerzas del orden.<\/p>\n<p>El presidente del Lyon, Jean-Michel Aulas, fue uno de los que bajaron al c\u00e9sped para intentar calmar los \u00e1nimos, en una cita cuyo inicio, previsto para las 21.05 hora local (19.05 GMT), ha sido retrasado por lo sucedido.<\/p>\n<p><strong>S\u00edguenos en Twitter<\/strong>: <a href=\"https:\/\/twitter.com\/MXFutbolTotal\" target=\"_blank\">@MXFutbolTotal<\/a><\/p>\n","protected":false},"excerpt":{"rendered":"<p>Problemas entre hinchas del Besiktas y del Olympique, prolongan inicio de juego de Europa League.<\/p>\n","protected":false},"author":144,"featured_media":473911,"comment_status":"closed","ping_status":"closed","sticky":false,"template":"","format":"standard","meta":[],"categories":[3857,3839,4,6433],"tags":[516,6214],"_links":{"self":[{"href":"http:\/\/desarrollo.grupomedios.com\/futbol\/wp-json\/wp\/v2\/posts\/473907"}],"collection":[{"href":"http:\/\/desarrollo.grupomedios.com\/futbol\/wp-json\/wp\/v2\/posts"}],"about":[{"href":"http:\/\/desarrollo.grupomedios.com\/futbol\/wp-json\/wp\/v2\/types\/post"}],"author":[{"embeddable":true,"href":"http:\/\/desarrollo.grupomedios.com\/futbol\/wp-json\/wp\/v2\/users\/144"}],"replies":[{"embeddable":true,"href":"http:\/\/desarrollo.grupomedios.com\/futbol\/wp-json\/wp\/v2\/comments?post=473907"}],"version-history":[{"count":3,"href":"http:\/\/desarrollo.grupomedios.com\/futbol\/wp-json\/wp\/v2\/posts\/473907\/revisions"}],"predecessor-version":[{"id":473912,"href":"http:\/\/desarrollo.grupomedios.com\/futbol\/wp-json\/wp\/v2\/posts\/473907\/revisions\/473912"}],"wp:featuredmedia":[{"embeddable":true,"href":"http:\/\/desarrollo.grupomedios.com\/futbol\/wp-json\/wp\/v2\/media\/473911"}],"wp:attachment":[{"href":"http:\/\/desarrollo.grupomedios.com\/futbol\/wp-json\/wp\/v2\/media?parent=473907"}],"wp:term":[{"taxonomy":"category","embeddable":true,"href":"http:\/\/desarrollo.grupomedios.com\/futbol\/wp-json\/wp\/v2\/categories?post=473907"},{"taxonomy":"post_tag","embeddable":true,"href":"http:\/\/desarrollo.grupomedios.com\/futbol\/wp-json\/wp\/v2\/tags?post=473907"}],"curies":[{"name":"wp","href":"https:\/\/api.w.org\/{rel}","templated":true}]}}