{"id":474033,"date":"2017-04-14T10:45:14","date_gmt":"2017-04-14T15:45:14","guid":{"rendered":"https:\/\/www.futboltotal.com.mx\/?p=474033"},"modified":"2017-04-14T11:34:49","modified_gmt":"2017-04-14T16:34:49","slug":"rafael-marquez-manda-saludos-tras-operado-la-espalda","status":"publish","type":"post","link":"http:\/\/desarrollo.grupomedios.com\/futbol\/destacado-home\/rafael-marquez-manda-saludos-tras-operado-la-espalda\/2017\/04","title":{"rendered":"Rafael M\u00e1rquez manda saludos tras ser operado de la espalda"},"content":{"rendered":"<p>Apenas un d\u00eda despu\u00e9s de que el defensa <a href=\"https:\/\/www.futboltotal.com.mx\/2017\/04\/rafa-marquez-operado-en-duda-confederaciones\/\"><strong>Rafael M\u00e1rquez<\/strong> fuera operado de la espalda y est\u00e9 en duda su participaci\u00f3n para la <strong>Copa Confederaciones 2017<\/strong><\/a>\u00a0con la <strong>Selecci\u00f3n Mexicana<\/strong>, el propio capit\u00e1n del <strong>Atlas<\/strong> y del <em>Tri<\/em> ha mandado un saludo a toda la afici\u00f3n mexicana, adem\u00e1s de transmitir que est\u00e1 listo para la rehabilitaci\u00f3n.<\/p>\n<p>El zaguero azteca hizo uso de las redes sociales para mandar este mensaje en el que aparece en un breve video a\u00fan en la cama del hospital donde fue intervenido, junto a su pareja, la modelo <strong>Jaydy Michel<\/strong>, sonriendo y saludando a sus seguidores con el pulgar hacia arriba.<\/p>\n<p style=\"text-align: center;\"><span style=\"color: #003300;\"><a style=\"color: #003300;\" href=\"https:\/\/www.futboltotal.com.mx\/2017\/04\/acusan-a-cuauhtemoc-blanco-dar-orden-asesinato\/\">VER M\u00c1S: \u00a0\u00a1Acusan a Cuauht\u00e9moc Blanco de dar orden de asesinato!<\/a><\/span><\/p>\n<p>&#8220;Me siento muy bien despu\u00e9s de la intervenci\u00f3n quir\u00fargica de esta ma\u00f1ana y con toda la #4ctitud\u00a0para empezar la rehabilitaci\u00f3n&#8221;, escribi\u00f3 Rafa\u00a0en el mensaje.<\/p>\n<p>M\u00e1rquez fue operado por medio de una\u00a0laminotom\u00eda para tratar una hernia de disco, lo que lo deja fuera de lo que resta del Clausura 2017 de la Liga MX con el Atlas y pone en duda su participaci\u00f3n con el Tri en la pr\u00f3xima Copa Confederaciones 2017 a disputarse en Rusia.<\/p>\n<p>&nbsp;<\/p>\n<blockquote class=\"twitter-video\" data-lang=\"es\">\n<p dir=\"ltr\" lang=\"es\">Me siento muy bien despu\u00e9s de la intervenci\u00f3n quir\u00fargica de esta ma\u00f1ana y con toda la <a href=\"https:\/\/twitter.com\/hashtag\/4ctitud?src=hash\">#4ctitud<\/a> para empezar la rehabilitaci\u00f3n <a href=\"https:\/\/t.co\/VFAMP0kaWI\">pic.twitter.com\/VFAMP0kaWI<\/a><\/p>\n<p>\u2014 Rafa Marquez (@RafaMarquezMX) <a href=\"https:\/\/twitter.com\/RafaMarquezMX\/status\/852658873479639040\">13 de abril de 2017<\/a><\/p><\/blockquote>\n<p><script async src=\"\/\/platform.twitter.com\/widgets.js\" charset=\"utf-8\"><\/script><\/p>\n","protected":false},"excerpt":{"rendered":"<p>El defensa aparece en un breve video a\u00fan en la cama del hospital donde fue intervenido.<\/p>\n","protected":false},"author":20,"featured_media":458465,"comment_status":"closed","ping_status":"closed","sticky":false,"template":"","format":"standard","meta":[],"categories":[5419,3868,5,3839,2198,3845,3847],"tags":[1580,6260,4358,6033,409],"_links":{"self":[{"href":"http:\/\/desarrollo.grupomedios.com\/futbol\/wp-json\/wp\/v2\/posts\/474033"}],"collection":[{"href":"http:\/\/desarrollo.grupomedios.com\/futbol\/wp-json\/wp\/v2\/posts"}],"about":[{"href":"http:\/\/desarrollo.grupomedios.com\/futbol\/wp-json\/wp\/v2\/types\/post"}],"author":[{"embeddable":true,"href":"http:\/\/desarrollo.grupomedios.com\/futbol\/wp-json\/wp\/v2\/users\/20"}],"replies":[{"embeddable":true,"href":"http:\/\/desarrollo.grupomedios.com\/futbol\/wp-json\/wp\/v2\/comments?post=474033"}],"version-history":[{"count":1,"href":"http:\/\/desarrollo.grupomedios.com\/futbol\/wp-json\/wp\/v2\/posts\/474033\/revisions"}],"predecessor-version":[{"id":474034,"href":"http:\/\/desarrollo.grupomedios.com\/futbol\/wp-json\/wp\/v2\/posts\/474033\/revisions\/474034"}],"wp:featuredmedia":[{"embeddable":true,"href":"http:\/\/desarrollo.grupomedios.com\/futbol\/wp-json\/wp\/v2\/media\/458465"}],"wp:attachment":[{"href":"http:\/\/desarrollo.grupomedios.com\/futbol\/wp-json\/wp\/v2\/media?parent=474033"}],"wp:term":[{"taxonomy":"category","embeddable":true,"href":"http:\/\/desarrollo.grupomedios.com\/futbol\/wp-json\/wp\/v2\/categories?post=474033"},{"taxonomy":"post_tag","embeddable":true,"href":"http:\/\/desarrollo.grupomedios.com\/futbol\/wp-json\/wp\/v2\/tags?post=474033"}],"curies":[{"name":"wp","href":"https:\/\/api.w.org\/{rel}","templated":true}]}}