{"id":474050,"date":"2017-04-14T14:25:53","date_gmt":"2017-04-14T19:25:53","guid":{"rendered":"https:\/\/www.futboltotal.com.mx\/?p=474050"},"modified":"2017-04-14T14:25:53","modified_gmt":"2017-04-14T19:25:53","slug":"zidane-deja-fuera-la-bbc-ante-el-sporting","status":"publish","type":"post","link":"http:\/\/desarrollo.grupomedios.com\/futbol\/uncategorized\/zidane-deja-fuera-la-bbc-ante-el-sporting\/2017\/04","title":{"rendered":"Zidane deja fuera la BBC del duelo ante el Sporting"},"content":{"rendered":"<p>Zinedine Zidane descarta a la <strong>BBC<\/strong> para El Molin\u00f3n, con Gareth Bale lesionado en el s\u00f3leo y Cristiano Ronaldo y Karim Benzema con descanso pensando en el Bayern M\u00fanich, ausencias de una lista de convocados en la que tampoco entra Keylor Navas, y con Tejero como soluci\u00f3n en la cantera a las bajas defensivas.<\/p>\n<p>Bale se suma en el parte de bajas a los defensas Pepe y Raphael Varane. Se retir\u00f3 del Allianz Arena el mi\u00e9rcoles con molestias en el s\u00f3leo derecho y d\u00edas despu\u00e9s se ha confirmado que sufre un edema que le impide jugar.<\/p>\n<p style=\"text-align: center;\"><span style=\"color: #3366ff;\"><a style=\"color: #3366ff;\" href=\"https:\/\/www.futboltotal.com.mx\/2017\/04\/cristiano-habria-pagado-miles-euros-evitar-juicio-violacion\/\">LEER M\u00c1S: \u00a1Cristiano habr\u00eda pagado miles de euros para evitar juicio por violaci\u00f3n!<\/a><\/span><\/p>\n<blockquote class=\"twitter-tweet\" data-lang=\"es\">\n<p dir=\"ltr\" lang=\"es\"><a href=\"https:\/\/twitter.com\/hashtag\/RealMadrid?src=hash\">#RealMadrid<\/a> 1\ufe0f\u20e38\ufe0f\u20e3<br \/>\n <a href=\"https:\/\/twitter.com\/RealSporting\">@RealSporting<\/a><br \/>\n Tomorrow \/ Ma\u00f1ana \/ Demain<br \/>\n\u23f0 16h15<br \/>\n El Molin\u00f3n<br \/>\n LaLiga<a href=\"https:\/\/twitter.com\/hashtag\/RMMovistar?src=hash\">#RMMovistar<\/a> <a href=\"https:\/\/t.co\/w6FiNKcDDU\">pic.twitter.com\/w6FiNKcDDU<\/a><\/p>\n<p>\u2014 Real Madrid C. F. (@realmadrid) <a href=\"https:\/\/twitter.com\/realmadrid\/status\/852918137464991745\">14 de abril de 2017<\/a><\/p><\/blockquote>\n<p><script async src=\"\/\/platform.twitter.com\/widgets.js\" charset=\"utf-8\"><\/script><\/p>\n<p>Con Dani Carvajal sancionado, cumpliendo ciclo de amonestaciones en El Molin\u00f3n para llegar limpio al Cl\u00e1sico, Zidane soluciona sus urgencias en defensa citando al canterano \u00c1lvaro Tejero.<\/p>\n<p>Como ocurri\u00f3 para el encuentro en Butarque ante el Legan\u00e9s, Cristiano Ronaldo ni siquiera formar\u00e1 parte de la expedici\u00f3n a Gij\u00f3n y tendr\u00e1 descanso el fin de semana. Igual que Keylor Navas, que deja su puesto a Kiko Casilla, y Benzema que no figuran en la citaci\u00f3n.<\/p>\n<p>La lista de convocados la integran: Kiko Casilla, Rub\u00e9n Y\u00e1\u00f1ez, Tejero, Danilo, Sergio Ramos, Nacho, Marcelo, Coentrao, Casemiro, Kroos, Kovacic, Modric, Isco, Marco Asensio, James, Lucas V\u00e1zquez, Mariano y Morata. EFE.<\/p>\n","protected":false},"excerpt":{"rendered":"<p>El t\u00e9cnico Merengue podr\u00eda poner en riesgo su liderato.<\/p>\n","protected":false},"author":144,"featured_media":463625,"comment_status":"closed","ping_status":"closed","sticky":false,"template":"","format":"standard","meta":[],"categories":[1],"tags":[6655,6214,5988],"_links":{"self":[{"href":"http:\/\/desarrollo.grupomedios.com\/futbol\/wp-json\/wp\/v2\/posts\/474050"}],"collection":[{"href":"http:\/\/desarrollo.grupomedios.com\/futbol\/wp-json\/wp\/v2\/posts"}],"about":[{"href":"http:\/\/desarrollo.grupomedios.com\/futbol\/wp-json\/wp\/v2\/types\/post"}],"author":[{"embeddable":true,"href":"http:\/\/desarrollo.grupomedios.com\/futbol\/wp-json\/wp\/v2\/users\/144"}],"replies":[{"embeddable":true,"href":"http:\/\/desarrollo.grupomedios.com\/futbol\/wp-json\/wp\/v2\/comments?post=474050"}],"version-history":[{"count":2,"href":"http:\/\/desarrollo.grupomedios.com\/futbol\/wp-json\/wp\/v2\/posts\/474050\/revisions"}],"predecessor-version":[{"id":474058,"href":"http:\/\/desarrollo.grupomedios.com\/futbol\/wp-json\/wp\/v2\/posts\/474050\/revisions\/474058"}],"wp:featuredmedia":[{"embeddable":true,"href":"http:\/\/desarrollo.grupomedios.com\/futbol\/wp-json\/wp\/v2\/media\/463625"}],"wp:attachment":[{"href":"http:\/\/desarrollo.grupomedios.com\/futbol\/wp-json\/wp\/v2\/media?parent=474050"}],"wp:term":[{"taxonomy":"category","embeddable":true,"href":"http:\/\/desarrollo.grupomedios.com\/futbol\/wp-json\/wp\/v2\/categories?post=474050"},{"taxonomy":"post_tag","embeddable":true,"href":"http:\/\/desarrollo.grupomedios.com\/futbol\/wp-json\/wp\/v2\/tags?post=474050"}],"curies":[{"name":"wp","href":"https:\/\/api.w.org\/{rel}","templated":true}]}}