{"id":474057,"date":"2017-04-14T14:31:18","date_gmt":"2017-04-14T19:31:18","guid":{"rendered":"https:\/\/www.futboltotal.com.mx\/?p=474057"},"modified":"2017-04-14T14:31:18","modified_gmt":"2017-04-14T19:31:18","slug":"chicharito-explota-enojo-marco-fabian-lo-vencio","status":"publish","type":"post","link":"http:\/\/desarrollo.grupomedios.com\/futbol\/futbol-internacional\/chicharito-explota-enojo-marco-fabian-lo-vencio\/2017\/04","title":{"rendered":"Chicharito &#8216;explota de enojo&#8217; porque Marco Fabi\u00e1n lo venci\u00f3"},"content":{"rendered":"<p>Los mexicanos Javier <strong><em>Chicharito<\/em> Hern\u00e1ndez<\/strong> y <strong>Marco Fabi\u00e1n<\/strong>, quienes actualmente juegan en la <strong>Bundesliga<\/strong> alemana con <strong>Bayer Leverkusen<\/strong> y <strong>Eintracht Frankfurt<\/strong> respectivamente, llevan una buena amistad desde hace a\u00f1os y encuentran momentos para pasar tiempo juntos.<\/p>\n<p>En esta ocasi\u00f3n, los tambi\u00e9n jugadores de la <strong>Selecci\u00f3n Mexicana<\/strong> compartieron en una cuenta de redes sociales de <em>Marquito<\/em> un video en el que ambos aparecen compitiendo en videojuegos de carreras y el ganador fue Fabi\u00e1n.<\/p>\n<p>Sin embargo, lo m\u00e1s gracioso del hecho fue que <em>Chicharito<\/em> actu\u00f3 como si explotara de enojo por ser derrotado, mientras que Marco simplemente festeja por su triunfo. No te pierdas el curioso video.<\/p>\n<p><iframe loading=\"lazy\" src=\"https:\/\/www.youtube.com\/embed\/XDKRV0-M004\" frameborder=\"0\" allowfullscreen=\"allowfullscreen\"><\/iframe><\/p>\n","protected":false},"excerpt":{"rendered":"<p>Fabi\u00e1n comparti\u00f3 un video en el que ambos aparecen compitiendo en un videojuego de carreras.<\/p>\n","protected":false},"author":154,"featured_media":459813,"comment_status":"closed","ping_status":"closed","sticky":false,"template":"","format":"standard","meta":[],"categories":[5419,3839,6822,6718],"tags":[4335,119,120,5985,549,3588,131],"_links":{"self":[{"href":"http:\/\/desarrollo.grupomedios.com\/futbol\/wp-json\/wp\/v2\/posts\/474057"}],"collection":[{"href":"http:\/\/desarrollo.grupomedios.com\/futbol\/wp-json\/wp\/v2\/posts"}],"about":[{"href":"http:\/\/desarrollo.grupomedios.com\/futbol\/wp-json\/wp\/v2\/types\/post"}],"author":[{"embeddable":true,"href":"http:\/\/desarrollo.grupomedios.com\/futbol\/wp-json\/wp\/v2\/users\/154"}],"replies":[{"embeddable":true,"href":"http:\/\/desarrollo.grupomedios.com\/futbol\/wp-json\/wp\/v2\/comments?post=474057"}],"version-history":[{"count":1,"href":"http:\/\/desarrollo.grupomedios.com\/futbol\/wp-json\/wp\/v2\/posts\/474057\/revisions"}],"predecessor-version":[{"id":474059,"href":"http:\/\/desarrollo.grupomedios.com\/futbol\/wp-json\/wp\/v2\/posts\/474057\/revisions\/474059"}],"wp:featuredmedia":[{"embeddable":true,"href":"http:\/\/desarrollo.grupomedios.com\/futbol\/wp-json\/wp\/v2\/media\/459813"}],"wp:attachment":[{"href":"http:\/\/desarrollo.grupomedios.com\/futbol\/wp-json\/wp\/v2\/media?parent=474057"}],"wp:term":[{"taxonomy":"category","embeddable":true,"href":"http:\/\/desarrollo.grupomedios.com\/futbol\/wp-json\/wp\/v2\/categories?post=474057"},{"taxonomy":"post_tag","embeddable":true,"href":"http:\/\/desarrollo.grupomedios.com\/futbol\/wp-json\/wp\/v2\/tags?post=474057"}],"curies":[{"name":"wp","href":"https:\/\/api.w.org\/{rel}","templated":true}]}}