{"id":474074,"date":"2017-04-14T17:11:02","date_gmt":"2017-04-14T22:11:02","guid":{"rendered":"https:\/\/www.futboltotal.com.mx\/?p=474074"},"modified":"2017-04-14T17:11:02","modified_gmt":"2017-04-14T22:11:02","slug":"bartra-envio-emotiva-carta-conto-vivio-atentado","status":"publish","type":"post","link":"http:\/\/desarrollo.grupomedios.com\/futbol\/futbol-internacional\/bartra-envio-emotiva-carta-conto-vivio-atentado\/2017\/04","title":{"rendered":"Bartra envi\u00f3 emotiva carta y cont\u00f3 c\u00f3mo vivi\u00f3 el atentado"},"content":{"rendered":"<p>El defensa espa\u00f1ol<strong> Marc Bartra<\/strong>, \u00fanico jugador del Borussia Dortmund herido en el atentado con explosivos dirigido al autocar del equipo, el pasado martes, afirm\u00f3 hoy haber vivido durante ese ataque &#8220;los 15 minutos m\u00e1s duros y largos&#8221; de su vida&#8221;.<\/p>\n<p>&#8220;El dolor, el p\u00e1nico y la incertidumbre de no saber lo que estaba pasando, ni cuanto tiempo durar\u00eda&#8230;&#8221;, escribi\u00f3 el jugador en su cuenta en Instagram, donde colg\u00f3 una fotograf\u00eda en que aparece en la cama del hospital donde sigue ingresado, durante una visita de su esposa y su hija.<\/p>\n<p><strong>Bartra<\/strong> alude a la presencia de \u00e9stas, que aparecen de espaldas y sin que se les vea el rostro -&#8220;la visita que m\u00e1s feliz me hace&#8221;, dice- y sostiene que ellas son &#8220;la raz\u00f3n para superar siempre los obst\u00e1culos&#8221;, incluido el que fue el &#8220;peor momento&#8221; de su vida.<\/p>\n<p style=\"text-align: center;\"><span style=\"color: #3366ff;\"><a style=\"color: #3366ff;\" href=\"https:\/\/www.futboltotal.com.mx\/2017\/04\/diego-lainez-se-ausento-del-tri-sub-17-culpa-del-america\/\">LEER M\u00c1S: Diego Lainez se ausent\u00f3 del TRI Sub-17 por culpa del Am\u00e9rica<\/a><\/span><\/p>\n<blockquote class=\"instagram-media\" style=\"background: #FFF; border: 0; border-radius: 3px; box-shadow: 0 0 1px 0 rgba(0,0,0,0.5),0 1px 10px 0 rgba(0,0,0,0.15); margin: 1px; max-width: 658px; padding: 0; width: calc(100% - 2px);\" data-instgrm-captioned=\"\" data-instgrm-version=\"7\">\n<div style=\"padding: 8px;\">\n<div style=\"background: #F8F8F8; line-height: 0; margin-top: 40px; padding: 62.5% 0; text-align: center; width: 100%;\"><\/div>\n<p style=\"margin: 8px 0 0 0; padding: 0 4px;\"><a style=\"color: #000; font-family: Arial,sans-serif; font-size: 14px; font-style: normal; font-weight: normal; line-height: 17px; text-decoration: none; word-wrap: break-word;\" href=\"https:\/\/www.instagram.com\/p\/BS3NloPDgZO\/\" target=\"_blank\">Hoy he vuelto a recibir en el hospital la visita que m\u00e1s feliz me hace. Ellas son mi todo, la raz\u00f3n por la que lucho para superar siempre los obst\u00e1culos y este ha sido el peor de mi vida, una experiencia que no desear\u00eda a nadie en este mundo. El dolor, el p\u00e1nico y la incerteza de no saber lo que estaba pasando, ni cu\u00e1nto tiempo durar\u00eda&#8230; fueron los 15 minutos m\u00e1s largos y duros de mi vida. A todo esto os quiero decir, que creo que el shock de estos d\u00edas va disminuyendo cada vez m\u00e1s y a la vez se suman las ganas de vivir, de luchar, de trabajar, de re\u00edr, de llorar, de sentir, de querer, de creer, de jugar, de entrenar, de seguir disfrutando de mi gente, seres queridos, compa\u00f1eros, de mi pasi\u00f3n, de defender, de oler el c\u00e9sped como hago antes de que empiece el partido y motivarme. De ver las gradas llenas de personas que aman nuestra profesi\u00f3n, gente buena que s\u00f3lo quiere que le hagamos sentir emociones para olvidarse del mundo y sobre todo de este mundo en el que vivimos, cada vez m\u00e1s loco. Lo \u00fanico que pido, LO \u00daNICO, es que vivamos TODOS en paz y dejemos atr\u00e1s las guerras. Estos d\u00edas cuando me miro la mu\u00f1eca, hinchada y malherida, sab\u00e9is qu\u00e9 siento? Orgullo. La miro orgulloso pensando en que todo el da\u00f1o que quer\u00edan hacernos el martes, se qued\u00f3 en esto. Gracias a los doctores, enfermeras, fisioterapeutas y personas que me ayudan a recuperar y que la mu\u00f1eca quede perfecta. A las miles y miles de personas, medios, organizaciones de todo tipo, el BVB y compa\u00f1eros, que me hab\u00e9is hecho llegar vuestro apoyo y cari\u00f1o. Por peque\u00f1o que sea, me ha llenado incre\u00edblemente de fuerzas para seguir SIEMPRE adelante. Necesitaba escribir y desahogarme y as\u00ed zanjar todo para ya solo pensar en ponerme al 100% lo m\u00e1s pronto posible! Un saludo muy grande! Marc &#x1f49b;<\/a><\/p>\n<p style=\"color: #c9c8cd; font-family: Arial,sans-serif; font-size: 14px; line-height: 17px; margin-bottom: 0; margin-top: 8px; overflow: hidden; padding: 8px 0 7px; text-align: center; text-overflow: ellipsis; white-space: nowrap;\">Una publicaci\u00f3n compartida de Marc Bartra (@marcbartra) el <time style=\"font-family: Arial,sans-serif; font-size: 14px; line-height: 17px;\" datetime=\"2017-04-14T10:38:18+00:00\">14 de Abr de 2017 a la(s) 3:38 PDT<\/time><\/p>\n<\/div>\n<\/blockquote>\n<p><script async defer src=\"\/\/platform.instagram.com\/en_US\/embeds.js\"><\/script><\/p>\n<p>El defensa del Borussia Dortmund ser\u00e1 previsiblemente baja por cuatro semanas, indic\u00f3 ayer el t\u00e9cnico, Thomas Tuchel, quien el mi\u00e9rcoles expres\u00f3 su malestar por el hecho de que el partido de Liga de Campeones contra el M\u00f3naco acabara jug\u00e1ndose solo un d\u00eda despu\u00e9s del ataque, con el equipo en estado de shock.<\/p>\n","protected":false},"excerpt":{"rendered":"<p>Bartra comparti\u00f3 su experiencia sobre el atentado.<\/p>\n","protected":false},"author":144,"featured_media":474079,"comment_status":"closed","ping_status":"closed","sticky":false,"template":"","format":"standard","meta":[],"categories":[3839],"tags":[6214,6893],"_links":{"self":[{"href":"http:\/\/desarrollo.grupomedios.com\/futbol\/wp-json\/wp\/v2\/posts\/474074"}],"collection":[{"href":"http:\/\/desarrollo.grupomedios.com\/futbol\/wp-json\/wp\/v2\/posts"}],"about":[{"href":"http:\/\/desarrollo.grupomedios.com\/futbol\/wp-json\/wp\/v2\/types\/post"}],"author":[{"embeddable":true,"href":"http:\/\/desarrollo.grupomedios.com\/futbol\/wp-json\/wp\/v2\/users\/144"}],"replies":[{"embeddable":true,"href":"http:\/\/desarrollo.grupomedios.com\/futbol\/wp-json\/wp\/v2\/comments?post=474074"}],"version-history":[{"count":1,"href":"http:\/\/desarrollo.grupomedios.com\/futbol\/wp-json\/wp\/v2\/posts\/474074\/revisions"}],"predecessor-version":[{"id":474080,"href":"http:\/\/desarrollo.grupomedios.com\/futbol\/wp-json\/wp\/v2\/posts\/474074\/revisions\/474080"}],"wp:featuredmedia":[{"embeddable":true,"href":"http:\/\/desarrollo.grupomedios.com\/futbol\/wp-json\/wp\/v2\/media\/474079"}],"wp:attachment":[{"href":"http:\/\/desarrollo.grupomedios.com\/futbol\/wp-json\/wp\/v2\/media?parent=474074"}],"wp:term":[{"taxonomy":"category","embeddable":true,"href":"http:\/\/desarrollo.grupomedios.com\/futbol\/wp-json\/wp\/v2\/categories?post=474074"},{"taxonomy":"post_tag","embeddable":true,"href":"http:\/\/desarrollo.grupomedios.com\/futbol\/wp-json\/wp\/v2\/tags?post=474074"}],"curies":[{"name":"wp","href":"https:\/\/api.w.org\/{rel}","templated":true}]}}