{"id":474153,"date":"2017-04-15T13:09:26","date_gmt":"2017-04-15T18:09:26","guid":{"rendered":"https:\/\/www.futboltotal.com.mx\/?p=474153"},"modified":"2017-04-15T13:09:26","modified_gmt":"2017-04-15T18:09:26","slug":"lady-cocos-presumio-candente-sesion-fotos-en-monterrey","status":"publish","type":"post","link":"http:\/\/desarrollo.grupomedios.com\/futbol\/cambio-de-juego\/lady-cocos-presumio-candente-sesion-fotos-en-monterrey\/2017\/04","title":{"rendered":"Lady Cocos presumi\u00f3 su candente sesi\u00f3n de fotos en Monterrey"},"content":{"rendered":"<p>Ariadne Cavazos, modelo y animadora mejor conocida como Lady Cocos luego de revelarse un video en el que aparece esta hermosa joven fan\u00e1tica del Monterrey realizando un topless como festejo por la goleada de sus Rayados ante Jaguares, ha decidido seguir presumir una sesi\u00f3n de fotos con un diario del estado norte\u00f1o.<\/p>\n<p>La sensual seguidora de los Rayados comparti\u00f3 a trav\u00e9s de su cuenta de Twitter las im\u00e1genes en las que pos\u00f3 de manera \u2018candente\u2019 para un reconocido diario de Monterrey.<\/p>\n<p style=\"text-align: center;\"><span style=\"color: #3366ff;\"><a style=\"color: #3366ff;\" href=\"https:\/\/www.futboltotal.com.mx\/2017\/04\/aficionada-se-desnuda-triunfo-monterrey\/\">LEER M\u00c1S: Aficionada se desnuda por triunfo de Monterrey<\/a><\/span><\/p>\n<blockquote class=\"twitter-tweet\" data-lang=\"es\">\n<p dir=\"ltr\" lang=\"es\">Iniciamos con la sesi\u00f3n de hoy <a href=\"https:\/\/twitter.com\/hashtag\/LadyCocos?src=hash\">#LadyCocos<\/a> <a href=\"https:\/\/t.co\/HPLrsiK63C\">pic.twitter.com\/HPLrsiK63C<\/a><\/p>\n<p>\u2014 #LadyCocos (@ariadne_cavazos) <a href=\"https:\/\/twitter.com\/ariadne_cavazos\/status\/852948894053003265\">14 de abril de 2017<\/a><\/p><\/blockquote>\n<p><script async src=\"\/\/platform.twitter.com\/widgets.js\" charset=\"utf-8\"><\/script><\/p>\n<blockquote class=\"twitter-tweet\" data-lang=\"es\">\n<p dir=\"ltr\" lang=\"en\">Clase &#x1f64e; <a href=\"https:\/\/t.co\/EWlYlqmqcY\">pic.twitter.com\/EWlYlqmqcY<\/a><\/p>\n<p>\u2014 #LadyCocos (@ariadne_cavazos) <a href=\"https:\/\/twitter.com\/ariadne_cavazos\/status\/852963628265459712\">14 de abril de 2017<\/a><\/p><\/blockquote>\n<p><script async src=\"\/\/platform.twitter.com\/widgets.js\" charset=\"utf-8\"><\/script><\/p>\n<blockquote class=\"twitter-tweet\" data-lang=\"es\">\n<p dir=\"ltr\" lang=\"es\">Nombre estoy bien gorda que barbara jajajaj &#x1f44c;&#x1f3fb;&#x1f606;&#x1f602;&#x1f602;me pase de Pansita <a href=\"https:\/\/t.co\/fLpyOiIiKI\">pic.twitter.com\/fLpyOiIiKI<\/a><\/p>\n<p>\u2014 #LadyCocos (@ariadne_cavazos) <a href=\"https:\/\/twitter.com\/ariadne_cavazos\/status\/852963169337212930\">14 de abril de 2017<\/a><\/p><\/blockquote>\n<p><script async src=\"\/\/platform.twitter.com\/widgets.js\" charset=\"utf-8\"><\/script><\/p>\n","protected":false},"excerpt":{"rendered":"<p>La modelo comparti\u00f3 las im\u00e1genes en su cuenta de Twitter.<\/p>\n","protected":false},"author":129,"featured_media":474154,"comment_status":"closed","ping_status":"closed","sticky":false,"template":"","format":"standard","meta":[],"categories":[5419],"tags":[5460,8467],"_links":{"self":[{"href":"http:\/\/desarrollo.grupomedios.com\/futbol\/wp-json\/wp\/v2\/posts\/474153"}],"collection":[{"href":"http:\/\/desarrollo.grupomedios.com\/futbol\/wp-json\/wp\/v2\/posts"}],"about":[{"href":"http:\/\/desarrollo.grupomedios.com\/futbol\/wp-json\/wp\/v2\/types\/post"}],"author":[{"embeddable":true,"href":"http:\/\/desarrollo.grupomedios.com\/futbol\/wp-json\/wp\/v2\/users\/129"}],"replies":[{"embeddable":true,"href":"http:\/\/desarrollo.grupomedios.com\/futbol\/wp-json\/wp\/v2\/comments?post=474153"}],"version-history":[{"count":1,"href":"http:\/\/desarrollo.grupomedios.com\/futbol\/wp-json\/wp\/v2\/posts\/474153\/revisions"}],"predecessor-version":[{"id":474155,"href":"http:\/\/desarrollo.grupomedios.com\/futbol\/wp-json\/wp\/v2\/posts\/474153\/revisions\/474155"}],"wp:featuredmedia":[{"embeddable":true,"href":"http:\/\/desarrollo.grupomedios.com\/futbol\/wp-json\/wp\/v2\/media\/474154"}],"wp:attachment":[{"href":"http:\/\/desarrollo.grupomedios.com\/futbol\/wp-json\/wp\/v2\/media?parent=474153"}],"wp:term":[{"taxonomy":"category","embeddable":true,"href":"http:\/\/desarrollo.grupomedios.com\/futbol\/wp-json\/wp\/v2\/categories?post=474153"},{"taxonomy":"post_tag","embeddable":true,"href":"http:\/\/desarrollo.grupomedios.com\/futbol\/wp-json\/wp\/v2\/tags?post=474153"}],"curies":[{"name":"wp","href":"https:\/\/api.w.org\/{rel}","templated":true}]}}