{"id":474330,"date":"2017-04-16T16:04:43","date_gmt":"2017-04-16T21:04:43","guid":{"rendered":"https:\/\/www.futboltotal.com.mx\/?p=474330"},"modified":"2017-04-16T20:51:19","modified_gmt":"2017-04-17T01:51:19","slug":"memo-ochoa-error-dos-records-negativos-en-goleada-al-granada","status":"publish","type":"post","link":"http:\/\/desarrollo.grupomedios.com\/futbol\/destacado-home\/memo-ochoa-error-dos-records-negativos-en-goleada-al-granada\/2017\/04","title":{"rendered":"Memo Ochoa: un error y dos r\u00e9cords negativos en goleada al Granada"},"content":{"rendered":"<p>No fue la noche del <strong>Granada<\/strong> y el portero <strong>Guillermo Ochoa<\/strong>. El Celta fue mucho rival y los castig\u00f3 con una contundente goleada 3-0 en el nuevo estadio de Los C\u00e1rmenes. El mexicano estuvo lejos de lucir y tener un partido impecable. Esta vez colabor\u00f3 en los dos primeros goles e impuso r\u00e9cord negativo en la primera divisi\u00f3n espa\u00f1ola.<\/p>\n<p>Hasta antes de este partido, el portero m\u00e1s goleado del <strong>Granada<\/strong> era Andr\u00e9s Fern\u00e1ndez, quien recibi\u00f3 66 goles en la temporada 2015-16. Pero <strong>Guillermo Ochoa<\/strong>, en complicidad con el Celta, ha superado muy a su pesar estos registros, alcanzando 68 tantos recibidos.<\/p>\n<p>No le alcanz\u00f3 el \u00edmpetu y el entusiasmo al Granada para imponer local\u00eda. Un equipo alternativo del Celta los fulmin\u00f3. Fueron tres goles recibidos y en los dos primeros el mexicano pudo hacer un poco m\u00e1s.<\/p>\n<p style=\"text-align: center;\"><span style=\"color: #3366ff;\">VER M\u00c1S: Todas las noticias de futbol internacional \u00a0<\/span><\/p>\n<p><iframe loading=\"lazy\" src=\"https:\/\/www.youtube.com\/embed\/3uovkfR5T5E?ecver=1\" frameborder=\"0\" allowfullscreen=\"allowfullscreen\"><\/iframe><\/p>\n<p style=\"text-align: left;\">En el primer tanto, sali\u00f3 para despejar con la cabeza, pero el bal\u00f3n sali\u00f3 justo al centro y qued\u00f3 a merced del rival. Jozabed defini\u00f3 con una picadita. Menor fue el despiste que tuvo con una reacci\u00f3n tard\u00eda tras un cobro de tiro libre en el que la barrera le impidi\u00f3 ver el viaje del esf\u00e9rico y anticiparse de buena forma.<\/p>\n<p style=\"text-align: left;\">No fue el \u00fanico r\u00e9cord negativo que bati\u00f3 <strong>Memo Ochoa<\/strong>. Tambi\u00e9n se convirti\u00f3 en el arquero extranjero m\u00e1s goleado. Este registro pertenec\u00eda al portero chileno Claudio Bravo, quien recibi\u00f3 66 tantos con la Real Sociedad en la campa\u00f1a 2010-11.<\/p>\n<p style=\"text-align: left;\">El mexicano lo super\u00f3 con el \u00faltimo tanto que recibi\u00f3 en el que poco pudo hacer despu\u00e9s de que el esf\u00e9rico pegara en el larguero y el contrarremate de Claudio Beauvue.<\/p>\n<p style=\"text-align: left;\">Los r\u00e9cords negativos crecer\u00e1n, inevitablemente, a falta de 6 jornadas para que concluya el campeonato.Ochoa no la pasa nada bien y hoy firm\u00f3 su sentencia al descenso con el Granada, que est\u00e1 estancado con 20 puntos en el sitio 19 de la clasificaci\u00f3n de la Liga de Espa\u00f1a.<\/p>\n<p style=\"text-align: left;\">\n","protected":false},"excerpt":{"rendered":"<p>El Celta le peg\u00f3 0-3 al Granada y el mexicano ya es el portero extranjero m\u00e1s goleado.<\/p>\n","protected":false},"author":20,"featured_media":474332,"comment_status":"closed","ping_status":"closed","sticky":false,"template":"","format":"standard","meta":[],"categories":[5,3839,3844,6718],"tags":[700,5991],"_links":{"self":[{"href":"http:\/\/desarrollo.grupomedios.com\/futbol\/wp-json\/wp\/v2\/posts\/474330"}],"collection":[{"href":"http:\/\/desarrollo.grupomedios.com\/futbol\/wp-json\/wp\/v2\/posts"}],"about":[{"href":"http:\/\/desarrollo.grupomedios.com\/futbol\/wp-json\/wp\/v2\/types\/post"}],"author":[{"embeddable":true,"href":"http:\/\/desarrollo.grupomedios.com\/futbol\/wp-json\/wp\/v2\/users\/20"}],"replies":[{"embeddable":true,"href":"http:\/\/desarrollo.grupomedios.com\/futbol\/wp-json\/wp\/v2\/comments?post=474330"}],"version-history":[{"count":4,"href":"http:\/\/desarrollo.grupomedios.com\/futbol\/wp-json\/wp\/v2\/posts\/474330\/revisions"}],"predecessor-version":[{"id":474385,"href":"http:\/\/desarrollo.grupomedios.com\/futbol\/wp-json\/wp\/v2\/posts\/474330\/revisions\/474385"}],"wp:featuredmedia":[{"embeddable":true,"href":"http:\/\/desarrollo.grupomedios.com\/futbol\/wp-json\/wp\/v2\/media\/474332"}],"wp:attachment":[{"href":"http:\/\/desarrollo.grupomedios.com\/futbol\/wp-json\/wp\/v2\/media?parent=474330"}],"wp:term":[{"taxonomy":"category","embeddable":true,"href":"http:\/\/desarrollo.grupomedios.com\/futbol\/wp-json\/wp\/v2\/categories?post=474330"},{"taxonomy":"post_tag","embeddable":true,"href":"http:\/\/desarrollo.grupomedios.com\/futbol\/wp-json\/wp\/v2\/tags?post=474330"}],"curies":[{"name":"wp","href":"https:\/\/api.w.org\/{rel}","templated":true}]}}