{"id":474346,"date":"2017-04-16T19:30:02","date_gmt":"2017-04-17T00:30:02","guid":{"rendered":"https:\/\/www.futboltotal.com.mx\/?p=474346"},"modified":"2017-04-16T19:30:02","modified_gmt":"2017-04-17T00:30:02","slug":"memo-ochoa-opciones-volver-a-francia","status":"publish","type":"post","link":"http:\/\/desarrollo.grupomedios.com\/futbol\/futbol-internacional\/memo-ochoa-opciones-volver-a-francia\/2017\/04","title":{"rendered":"Memo Ochoa, con opciones para volver a Francia"},"content":{"rendered":"<p>Despu\u00e9s de tres a\u00f1os en el futbol espa\u00f1ol, el portero mexicano <strong>Guillermo Ochoa<\/strong> podr\u00eda volver a la<em> Ligue<\/em> 1 de Francia para la pr\u00f3xima temporada. \u00bfSu posible destino? El Olympique de Marsella, que dirige el entrenador Rudi Garc\u00eda.<\/p>\n<p>En Francia, diversos medios especulan con la vuelta de\u00a0<strong>Memo Ochoa<\/strong>,\u00a0ante un presunto inter\u00e9s del Marsella y\u00a0la falta de acuerdo entre el mexicano y los andaluces para renovar el contrato que termina el pr\u00f3ximo mes de junio.<\/p>\n<p style=\"text-align: center;\"><span style=\"color: #3366ff;\">VER M\u00c1S: Todas las noticias de futbol internacional\u00a0<\/span><\/p>\n<p style=\"text-align: left;\">A pesar de que el equipo franc\u00e9s tiene como arquero titular al franc\u00e9s Yohann Pel\u00e9, de 34 a\u00f1os, cuyo contrato en 2018, la prensa habla de la posible llegada de <strong>Ochoa<\/strong>, tal y como ocurri\u00f3 hace un par de temporadas cuando figur\u00f3 como opci\u00f3n para relevar al franc\u00e9s Steve Mandanda.<\/p>\n<p style=\"text-align: left;\"><strong>Ochoa<\/strong> representa una buena alternativa para Rudi Garc\u00eda, quien tendr\u00eda como prioridad fichar un guardameta internacional y con experiencia para la pr\u00f3xima campa\u00f1a, en la que podr\u00eda disputar la Europa League.<\/p>\n<p style=\"text-align: left;\"><strong>Ochoa<\/strong>, quien tambi\u00e9n<strong>\u00a0<\/strong>ha sonado para ir al PSV con sus connacionales Andr\u00e9s Guardado y H\u00e9ctor Moreno, termina su cesi\u00f3n con el Granada en mayo y luego tendr\u00e1 que volver a M\u00e1laga para definir su futuro.<\/p>\n","protected":false},"excerpt":{"rendered":"<p>El arquero mexicano fue colocado en la \u00f3rbita del Olympique de Marsella.<\/p>\n","protected":false},"author":20,"featured_media":456043,"comment_status":"closed","ping_status":"closed","sticky":false,"template":"","format":"standard","meta":[],"categories":[3839],"tags":[5991,7469],"_links":{"self":[{"href":"http:\/\/desarrollo.grupomedios.com\/futbol\/wp-json\/wp\/v2\/posts\/474346"}],"collection":[{"href":"http:\/\/desarrollo.grupomedios.com\/futbol\/wp-json\/wp\/v2\/posts"}],"about":[{"href":"http:\/\/desarrollo.grupomedios.com\/futbol\/wp-json\/wp\/v2\/types\/post"}],"author":[{"embeddable":true,"href":"http:\/\/desarrollo.grupomedios.com\/futbol\/wp-json\/wp\/v2\/users\/20"}],"replies":[{"embeddable":true,"href":"http:\/\/desarrollo.grupomedios.com\/futbol\/wp-json\/wp\/v2\/comments?post=474346"}],"version-history":[{"count":4,"href":"http:\/\/desarrollo.grupomedios.com\/futbol\/wp-json\/wp\/v2\/posts\/474346\/revisions"}],"predecessor-version":[{"id":474358,"href":"http:\/\/desarrollo.grupomedios.com\/futbol\/wp-json\/wp\/v2\/posts\/474346\/revisions\/474358"}],"wp:featuredmedia":[{"embeddable":true,"href":"http:\/\/desarrollo.grupomedios.com\/futbol\/wp-json\/wp\/v2\/media\/456043"}],"wp:attachment":[{"href":"http:\/\/desarrollo.grupomedios.com\/futbol\/wp-json\/wp\/v2\/media?parent=474346"}],"wp:term":[{"taxonomy":"category","embeddable":true,"href":"http:\/\/desarrollo.grupomedios.com\/futbol\/wp-json\/wp\/v2\/categories?post=474346"},{"taxonomy":"post_tag","embeddable":true,"href":"http:\/\/desarrollo.grupomedios.com\/futbol\/wp-json\/wp\/v2\/tags?post=474346"}],"curies":[{"name":"wp","href":"https:\/\/api.w.org\/{rel}","templated":true}]}}