{"id":474426,"date":"2017-04-17T12:25:45","date_gmt":"2017-04-17T17:25:45","guid":{"rendered":"https:\/\/www.futboltotal.com.mx\/?p=474426"},"modified":"2017-04-17T12:25:45","modified_gmt":"2017-04-17T17:25:45","slug":"zidane-confirmo-baja-bale-ante-bayern-reapareceria-en-derby","status":"publish","type":"post","link":"http:\/\/desarrollo.grupomedios.com\/futbol\/futbol-internacional\/zidane-confirmo-baja-bale-ante-bayern-reapareceria-en-derby\/2017\/04","title":{"rendered":"Zidane confirm\u00f3 baja de Bale ante Bayern; reaparecer\u00eda en el Derby"},"content":{"rendered":"<p><strong>Zinedine Zidane<\/strong>, t\u00e9cnico del <strong>Real Madrid<\/strong>, confirm\u00f3 la ausencia del gal\u00e9s <strong>Gareth Bale<\/strong>, para el partido de vuelta de los cuartos de final ante el <strong>Bayern Munich<\/strong>, por sus problemas en el s\u00f3leo derecho, y mostr\u00f3 su esperanza de que su regreso se produzca el pr\u00f3ximo domingo en el <strong>Cl\u00e1sico<\/strong> liguero ante el <strong>Barcelona<\/strong>.<\/p>\n<p>&#8220;Gareth ha trabajado much\u00edsimo para volver con el equipo despu\u00e9s de su lesi\u00f3n de tres meses de baja; y cuando ha vuelto estaba muy ilusionado, tiene alguna molestia que le impide estar bien y espero que no sea nada, que en pocos d\u00edas est\u00e9 con nosotros&#8221;, asegur\u00f3 Zidane en rueda de prensa.<\/p>\n<p style=\"text-align: center;\"><span style=\"color: #003300;\"><a style=\"color: #003300;\" href=\"https:\/\/www.futboltotal.com.mx\/2017\/04\/murio-aficionado-fue-tirado-gradas-estadio-argentina\/\">VER M\u00c1S: Muri\u00f3 el aficionado que fue tirado desde las gradas en Argentina<\/a><\/span><\/p>\n<p style=\"text-align: left;\">\n&#8220;Ma\u00f1ana no va a estar porque no queremos arriesgar. Espero que est\u00e9 en pocos d\u00edas porque es su ilusi\u00f3n volver. Por su trabajo se merece estar con nosotros en el fin de temporada&#8221;, a\u00f1adi\u00f3.<\/p>\n<p>En una semana clave para el Real Madrid, con dos cl\u00e1sicos, el de Europa ante el Bayern y el espa\u00f1ol frente al Barcelona, el t\u00e9cnico madridista conf\u00eda en que la evoluci\u00f3n diaria de Bale sea positiva y pueda regresar el domingo en LaLiga.<\/p>\n<p>&#8220;Espero que pueda estar con nosotros en el Cl\u00e1sico pero no lo aseguro, es el d\u00eda a d\u00eda el que dir\u00e1 si est\u00e1 listo&#8221;, sentenci\u00f3.<\/p>\n","protected":false},"excerpt":{"rendered":"<p>Gareth Bale se perder\u00e1 el partido de vuelta de los cuartos de final ante el Bayern M\u00fanich.<\/p>\n","protected":false},"author":144,"featured_media":474427,"comment_status":"closed","ping_status":"closed","sticky":false,"template":"","format":"standard","meta":[],"categories":[3841,3839],"tags":[2056,97,36,6043,5988],"_links":{"self":[{"href":"http:\/\/desarrollo.grupomedios.com\/futbol\/wp-json\/wp\/v2\/posts\/474426"}],"collection":[{"href":"http:\/\/desarrollo.grupomedios.com\/futbol\/wp-json\/wp\/v2\/posts"}],"about":[{"href":"http:\/\/desarrollo.grupomedios.com\/futbol\/wp-json\/wp\/v2\/types\/post"}],"author":[{"embeddable":true,"href":"http:\/\/desarrollo.grupomedios.com\/futbol\/wp-json\/wp\/v2\/users\/144"}],"replies":[{"embeddable":true,"href":"http:\/\/desarrollo.grupomedios.com\/futbol\/wp-json\/wp\/v2\/comments?post=474426"}],"version-history":[{"count":2,"href":"http:\/\/desarrollo.grupomedios.com\/futbol\/wp-json\/wp\/v2\/posts\/474426\/revisions"}],"predecessor-version":[{"id":474429,"href":"http:\/\/desarrollo.grupomedios.com\/futbol\/wp-json\/wp\/v2\/posts\/474426\/revisions\/474429"}],"wp:featuredmedia":[{"embeddable":true,"href":"http:\/\/desarrollo.grupomedios.com\/futbol\/wp-json\/wp\/v2\/media\/474427"}],"wp:attachment":[{"href":"http:\/\/desarrollo.grupomedios.com\/futbol\/wp-json\/wp\/v2\/media?parent=474426"}],"wp:term":[{"taxonomy":"category","embeddable":true,"href":"http:\/\/desarrollo.grupomedios.com\/futbol\/wp-json\/wp\/v2\/categories?post=474426"},{"taxonomy":"post_tag","embeddable":true,"href":"http:\/\/desarrollo.grupomedios.com\/futbol\/wp-json\/wp\/v2\/tags?post=474426"}],"curies":[{"name":"wp","href":"https:\/\/api.w.org\/{rel}","templated":true}]}}