{"id":474454,"date":"2017-04-17T16:46:29","date_gmt":"2017-04-17T21:46:29","guid":{"rendered":"https:\/\/www.futboltotal.com.mx\/?p=474454"},"modified":"2017-04-17T18:03:37","modified_gmt":"2017-04-17T23:03:37","slug":"goleado-osorio-defiende-calidad-memo-ochoa","status":"publish","type":"post","link":"http:\/\/desarrollo.grupomedios.com\/futbol\/futbol-mexicano\/goleado-osorio-defiende-calidad-memo-ochoa\/2017\/04","title":{"rendered":"\u00bfEl m\u00e1s goleado? Osorio defiende calidad de Memo Ochoa"},"content":{"rendered":"<p>68 goles recibidos en 32 jornadas. Con esos n\u00fameros <strong>Guillermo Ochoa<\/strong> firm\u00f3 ante Celta dos r\u00e9cords negativos: es el portero extranjero m\u00e1s goleado en una campa\u00f1a en la Liga de Espa\u00f1a y el m\u00e1s vapuleado en la historia del Granada.<\/p>\n<p>Sin embargo, el entrenador de la Selecci\u00f3n Mexicana, Juan Carlos Osorio, no duda de la calidad de Memo Ochoa y asegur\u00f3 que &#8220;ha tenido extraordinarias actuaciones&#8221;.<\/p>\n<p style=\"text-align: center;\"><span style=\"color: #3366ff;\">VER M\u00c1S: Todas las noticias de futbol internacional<\/span><\/p>\n<p style=\"padding-left: 30px;\">\u00a0&#8220;En el caso de Guillermo lo analizamos baj\u00f3 par\u00e1metros muy especiales&#8221;, dijo el estratega colombiano. &#8220;Analizamos\u00a0el equipo en el que juega y cu\u00e1l es la prioridad de ese equipo. Es un caso parecido al del portero colombiano David Ospina, por ejemplo, porque est\u00e1n en equipos donde la prioridad es atacar y quedan muy expuestos&#8221;, agreg\u00f3 para <em>ESPN.<\/em><\/p>\n<p>Osorio no pierde detalle del rendimiento de Ochoa. Sabe que a pesar de recibir tantos goles es un arquero determinante y, por supuesto, tambi\u00e9n comete errores como cualquier otro jugador, como e propio Alfredo Talavera. Pero nada de esto le resto m\u00e9rito para ser uno de los mejores arqueros de M\u00e9xico y por ende tener opciones de ser titular con el <em>Tri<\/em><\/p>\n<blockquote><p>&#8220;Guillermo sigue siendo muy importante para el futbol mexicano y seguramente estar\u00e1 en alguno de los torneos (Copa Confederaciones o Copa Oro) y lo har\u00e1 de la mejor manera para la Selecci\u00f3n&#8221;, acot\u00f3 el colombiano.<\/p><\/blockquote>\n<p><b>S\u00edguenos en Twitter<\/b>:\u00a0<a href=\"https:\/\/twitter.com\/MXFutbolTotal\"><span class=\"s2\">@MXFutbolTotal<\/span><\/a><\/p>\n<p>&nbsp;<\/p>\n","protected":false},"excerpt":{"rendered":"<p>Osorio asegur\u00f3 que Memo es muy importante para la Selecci\u00f3n Mexicana. <\/p>\n","protected":false},"author":20,"featured_media":465367,"comment_status":"closed","ping_status":"closed","sticky":false,"template":"","format":"standard","meta":[],"categories":[2198,3847],"tags":[6196,679],"_links":{"self":[{"href":"http:\/\/desarrollo.grupomedios.com\/futbol\/wp-json\/wp\/v2\/posts\/474454"}],"collection":[{"href":"http:\/\/desarrollo.grupomedios.com\/futbol\/wp-json\/wp\/v2\/posts"}],"about":[{"href":"http:\/\/desarrollo.grupomedios.com\/futbol\/wp-json\/wp\/v2\/types\/post"}],"author":[{"embeddable":true,"href":"http:\/\/desarrollo.grupomedios.com\/futbol\/wp-json\/wp\/v2\/users\/20"}],"replies":[{"embeddable":true,"href":"http:\/\/desarrollo.grupomedios.com\/futbol\/wp-json\/wp\/v2\/comments?post=474454"}],"version-history":[{"count":2,"href":"http:\/\/desarrollo.grupomedios.com\/futbol\/wp-json\/wp\/v2\/posts\/474454\/revisions"}],"predecessor-version":[{"id":474476,"href":"http:\/\/desarrollo.grupomedios.com\/futbol\/wp-json\/wp\/v2\/posts\/474454\/revisions\/474476"}],"wp:featuredmedia":[{"embeddable":true,"href":"http:\/\/desarrollo.grupomedios.com\/futbol\/wp-json\/wp\/v2\/media\/465367"}],"wp:attachment":[{"href":"http:\/\/desarrollo.grupomedios.com\/futbol\/wp-json\/wp\/v2\/media?parent=474454"}],"wp:term":[{"taxonomy":"category","embeddable":true,"href":"http:\/\/desarrollo.grupomedios.com\/futbol\/wp-json\/wp\/v2\/categories?post=474454"},{"taxonomy":"post_tag","embeddable":true,"href":"http:\/\/desarrollo.grupomedios.com\/futbol\/wp-json\/wp\/v2\/tags?post=474454"}],"curies":[{"name":"wp","href":"https:\/\/api.w.org\/{rel}","templated":true}]}}