{"id":474455,"date":"2017-04-17T17:42:19","date_gmt":"2017-04-17T22:42:19","guid":{"rendered":"https:\/\/www.futboltotal.com.mx\/?p=474455"},"modified":"2017-04-17T18:04:13","modified_gmt":"2017-04-17T23:04:13","slug":"nacho-ambriz-podria-dirigir-al-necaxa","status":"publish","type":"post","link":"http:\/\/desarrollo.grupomedios.com\/futbol\/futbol-mexicano\/nacho-ambriz-podria-dirigir-al-necaxa\/2017\/04","title":{"rendered":"Nacho Ambriz podr\u00eda dirigir al Necaxa"},"content":{"rendered":"<p>Despu\u00e9s de haber conseguido garantizar la permanencia por un a\u00f1o en la Liga MX y a tres fechas de que termine el Clausura 2017, el <strong>Necaxa<\/strong> tiene pendiente definir quien ser\u00e1 su director t\u00e9cnico para el pr\u00f3ximo torneo.<\/p>\n<p>Y es que <strong>Alfonso Sosa<\/strong> no tiene garantizada su permanencia con los <em>Rayos. <\/em>El timonel, quien ascendi\u00f3 al equipo en 2016, termina contrato el pr\u00f3ximo mes de junio y hasta el momento no ha concretado su renovaci\u00f3n.<\/p>\n<p style=\"text-align: center;\"><span style=\"color: #3366ff;\">VER M\u00c1S: Todas las noticias de futbol mexicano<\/span><\/p>\n<p style=\"text-align: left;\">Ante la falta de este acuerdo, la cadena <em>Fox Sports\u00a0<\/em>revel\u00f3 que hay\u00a0posibilidad para que <strong>Necaxa<\/strong> cambie de director t\u00e9cnico para el Apertura 2017. La directiva hidroc\u00e1lida no estar\u00eda del todo satisfecha con los resultados que consigui\u00f3 Sosa este semestre, pues el equipo no pudo clasificar a la Liguilla -como s\u00ed lo hizo hace seis meses- y por ello buscar\u00edan un nuevo entrenador.<\/p>\n<p style=\"text-align: left;\"><strong>Ignacio Ambriz<\/strong>, exfigura de los <em>Rayos<\/em> en la d\u00e9cada de los 90&#8217;s y cuyo \u00faltimo equipo dirigido fue el Am\u00e9rica, fue colocado como el posible recambio de Sosa. El estratega, quien tambi\u00e9n ha dirigido a San Luis, Chivas, Gallos y Atlas, volver\u00eda\u00a0al equipo de sus amores para buscar ganar un t\u00edtulo como lo hizo en su etapa como jugador con los <em>Rayos. <\/em><\/p>\n<p style=\"text-align: left;\">\u00bfNecaxa debe renovar a Poncho Sosa o contratar a Ignacio Ambriz?<\/p>\n<p style=\"text-align: left;\"><b>S\u00edguenos en Twitter<\/b>:\u00a0<a href=\"https:\/\/twitter.com\/MXFutbolTotal\"><span class=\"s2\">@MXFutbolTotal<\/span><\/a><\/p>\n<p>&nbsp;<\/p>\n<p>&nbsp;<\/p>\n","protected":false},"excerpt":{"rendered":"<p>El ex entrenador del Am\u00e9rica es una de las opciones para relevar a Alfonso Sosa. <\/p>\n","protected":false},"author":20,"featured_media":474463,"comment_status":"closed","ping_status":"closed","sticky":false,"template":"","format":"standard","meta":[],"categories":[2198,3845],"tags":[511,261],"_links":{"self":[{"href":"http:\/\/desarrollo.grupomedios.com\/futbol\/wp-json\/wp\/v2\/posts\/474455"}],"collection":[{"href":"http:\/\/desarrollo.grupomedios.com\/futbol\/wp-json\/wp\/v2\/posts"}],"about":[{"href":"http:\/\/desarrollo.grupomedios.com\/futbol\/wp-json\/wp\/v2\/types\/post"}],"author":[{"embeddable":true,"href":"http:\/\/desarrollo.grupomedios.com\/futbol\/wp-json\/wp\/v2\/users\/20"}],"replies":[{"embeddable":true,"href":"http:\/\/desarrollo.grupomedios.com\/futbol\/wp-json\/wp\/v2\/comments?post=474455"}],"version-history":[{"count":3,"href":"http:\/\/desarrollo.grupomedios.com\/futbol\/wp-json\/wp\/v2\/posts\/474455\/revisions"}],"predecessor-version":[{"id":474477,"href":"http:\/\/desarrollo.grupomedios.com\/futbol\/wp-json\/wp\/v2\/posts\/474455\/revisions\/474477"}],"wp:featuredmedia":[{"embeddable":true,"href":"http:\/\/desarrollo.grupomedios.com\/futbol\/wp-json\/wp\/v2\/media\/474463"}],"wp:attachment":[{"href":"http:\/\/desarrollo.grupomedios.com\/futbol\/wp-json\/wp\/v2\/media?parent=474455"}],"wp:term":[{"taxonomy":"category","embeddable":true,"href":"http:\/\/desarrollo.grupomedios.com\/futbol\/wp-json\/wp\/v2\/categories?post=474455"},{"taxonomy":"post_tag","embeddable":true,"href":"http:\/\/desarrollo.grupomedios.com\/futbol\/wp-json\/wp\/v2\/tags?post=474455"}],"curies":[{"name":"wp","href":"https:\/\/api.w.org\/{rel}","templated":true}]}}