{"id":474462,"date":"2017-04-17T17:49:55","date_gmt":"2017-04-17T22:49:55","guid":{"rendered":"https:\/\/www.futboltotal.com.mx\/?p=474462"},"modified":"2017-04-17T17:50:27","modified_gmt":"2017-04-17T22:50:27","slug":"marco-fabian-mvp-la-semana-en-bundesliga-revive-golazo","status":"publish","type":"post","link":"http:\/\/desarrollo.grupomedios.com\/futbol\/destacado-home\/marco-fabian-mvp-la-semana-en-bundesliga-revive-golazo\/2017\/04","title":{"rendered":"Marco Fabi\u00e1n, MVP de la semana en Bundesliga; revive su golazo"},"content":{"rendered":"<p><strong>Marco Fabi\u00e1n<\/strong> parece estar viviendo su mejor momento en la Bundesliga pese a que su club, <strong>Eintracht Frankfurt<\/strong>, no est\u00e1 sacando los resultados deseados y <a href=\"https:\/\/www.futboltotal.com.mx\/2017\/04\/gol-marco-fabian-eintracht-frankfurt-vs-borrussia-dortmund\/\">acaba de perder por 3-1 contra el <strong>Borussia Dortmund<\/strong><\/a>, pero el mexicano fue elegido por segunda semana consecutiva como Jugador M\u00e1s Valioso, esta vez en la fecha 29 del torneo alem\u00e1n.<\/p>\n<p>Gracias al partido que dio ante el Dortmund, con golazo incluido, el ex jugador de las <strong>Chivas<\/strong> repiti\u00f3 como el mejor futbolista de la jornada en Alemania gracias a los votos de los fan\u00e1ticos en redes sociales.<\/p>\n<p style=\"text-align: center;\"><span style=\"color: #003366;\"><a style=\"color: #003366;\" href=\"https:\/\/www.futboltotal.com.mx\/2017\/04\/osorio-asegura-chofis-lainez-pueden-estar-tri-en-copa-oro\/\">VER M\u00c1S: Osorio asegura: &#8220;Chofis y Lainez pueden estar con el Tri en Copa Oro&#8221;<\/a><\/span><\/p>\n<p>&nbsp;<\/p>\n<blockquote class=\"twitter-tweet\" data-lang=\"es\">\n<p dir=\"ltr\" lang=\"es\">\u00a1<a href=\"https:\/\/twitter.com\/MarcoFabian_10\">@MarcoFabian_10<\/a>, <a href=\"https:\/\/twitter.com\/hashtag\/BLMVP?src=hash\">#BLMVP<\/a> de la Fecha 29! El &#x1f1f2;&#x1f1fd; de <a href=\"https:\/\/twitter.com\/eintracht_esp\">@eintracht_esp<\/a> lleva 2\ufe0f\u20e3 seguidos y 7\ufe0f\u20e3 en la temporada de <a href=\"https:\/\/twitter.com\/hashtag\/Bundesliga?src=hash\">#Bundesliga<\/a>. \u00a1Felicitaciones! &#x1f44f; <a href=\"https:\/\/t.co\/kUZrtdltcw\">pic.twitter.com\/kUZrtdltcw<\/a><\/p>\n<p>\u2014 Bundesliga Espa\u00f1ol (@Bundesliga_ES) <a href=\"https:\/\/twitter.com\/Bundesliga_ES\/status\/854078292881793026\">17 de abril de 2017<\/a><\/p><\/blockquote>\n<p><script async src=\"\/\/platform.twitter.com\/widgets.js\" charset=\"utf-8\"><\/script><\/p>\n<p>Corr\u00eda el minuto 28\u2032 cuando<strong> Marco Fabi\u00e1n<\/strong> tom\u00f3 la pelota fuera del \u00e1rea y meti\u00f3 un disparo que se incrust\u00f3 en el \u00e1ngulo de la porter\u00eda de Roman B\u00fcrki.<\/p>\n<p>&nbsp;<\/p>\n<blockquote class=\"twitter-video\" data-lang=\"es\">\n<p dir=\"ltr\" lang=\"es\">\u00a1Al momento! Golazo de <a href=\"https:\/\/twitter.com\/MarcoFabian_10\">@MarcoFabian_10<\/a> al Borussia &#x1f44f;&#x1f3fc;&#x1f44d;&#x1f3fc; <a href=\"https:\/\/t.co\/FLeaxORj61\">pic.twitter.com\/FLeaxORj61<\/a><\/p>\n<p>\u2014 Plana Deportiva (@planadeportiva) <a href=\"https:\/\/twitter.com\/planadeportiva\/status\/853246834722189312\">15 de abril de 2017<\/a><\/p><\/blockquote>\n<p><script async src=\"\/\/platform.twitter.com\/widgets.js\" charset=\"utf-8\"><\/script><\/p>\n<p>Pesea la derrota del Frankfurt, Marco fabi\u00e1n tambi\u00e9n puede presumir que ya es el segundo m\u00e1ximo goleador mexicano en Alemania, superando a Ricardo Osorio, Francisco Javier <em>Maza<\/em> Rodr\u00edguez y P\u00e1vel Pardo.<\/p>\n<p class=\"p1\"><span class=\"s1\"><b>S\u00edguenos en Twitter<\/b>:\u00a0<a href=\"https:\/\/twitter.com\/MXFutbolTotal\"><span class=\"s2\">@MXFutbolTotal<\/span><\/a><\/span><\/p>\n","protected":false},"excerpt":{"rendered":"<p>El ex jugador de las Chivas repiti\u00f3 como el mejor futbolista de la jornada en Alemania.<\/p>\n","protected":false},"author":20,"featured_media":454753,"comment_status":"closed","ping_status":"closed","sticky":false,"template":"","format":"standard","meta":[],"categories":[5,3839,6822,6718],"tags":[119,8482,131],"_links":{"self":[{"href":"http:\/\/desarrollo.grupomedios.com\/futbol\/wp-json\/wp\/v2\/posts\/474462"}],"collection":[{"href":"http:\/\/desarrollo.grupomedios.com\/futbol\/wp-json\/wp\/v2\/posts"}],"about":[{"href":"http:\/\/desarrollo.grupomedios.com\/futbol\/wp-json\/wp\/v2\/types\/post"}],"author":[{"embeddable":true,"href":"http:\/\/desarrollo.grupomedios.com\/futbol\/wp-json\/wp\/v2\/users\/20"}],"replies":[{"embeddable":true,"href":"http:\/\/desarrollo.grupomedios.com\/futbol\/wp-json\/wp\/v2\/comments?post=474462"}],"version-history":[{"count":2,"href":"http:\/\/desarrollo.grupomedios.com\/futbol\/wp-json\/wp\/v2\/posts\/474462\/revisions"}],"predecessor-version":[{"id":474467,"href":"http:\/\/desarrollo.grupomedios.com\/futbol\/wp-json\/wp\/v2\/posts\/474462\/revisions\/474467"}],"wp:featuredmedia":[{"embeddable":true,"href":"http:\/\/desarrollo.grupomedios.com\/futbol\/wp-json\/wp\/v2\/media\/454753"}],"wp:attachment":[{"href":"http:\/\/desarrollo.grupomedios.com\/futbol\/wp-json\/wp\/v2\/media?parent=474462"}],"wp:term":[{"taxonomy":"category","embeddable":true,"href":"http:\/\/desarrollo.grupomedios.com\/futbol\/wp-json\/wp\/v2\/categories?post=474462"},{"taxonomy":"post_tag","embeddable":true,"href":"http:\/\/desarrollo.grupomedios.com\/futbol\/wp-json\/wp\/v2\/tags?post=474462"}],"curies":[{"name":"wp","href":"https:\/\/api.w.org\/{rel}","templated":true}]}}