{"id":474465,"date":"2017-04-17T17:53:54","date_gmt":"2017-04-17T22:53:54","guid":{"rendered":"https:\/\/www.futboltotal.com.mx\/?p=474465"},"modified":"2017-04-17T18:06:39","modified_gmt":"2017-04-17T23:06:39","slug":"sueno-europeo-peligra-jona-dos-santos-villarreal","status":"publish","type":"post","link":"http:\/\/desarrollo.grupomedios.com\/futbol\/futbol-internacional\/sueno-europeo-peligra-jona-dos-santos-villarreal\/2017\/04","title":{"rendered":"Sue\u00f1o europeo peligra para Jona dos Santos y Villarreal"},"content":{"rendered":"<p>El club de futbol <strong>Villarreal<\/strong> y el mediocampista mexicano <strong>Jonathan dos Santos<\/strong>, se alej\u00f3 un poco m\u00e1s de la zona de Champions League en la tabla de la Liga Espa\u00f1ola, luego de perder este lunes 2-1 ante Deportivo Alav\u00e9s.<\/p>\n<p>En duelo que cerr\u00f3 la fecha 32 de la competencia, el <em>Submarino Amarillo<\/em> dej\u00f3 escapar tres puntos importantes en la clasificaci\u00f3n, por lo que se estanc\u00f3 con 54 en el quinto escal\u00f3n, eso, s\u00ed metido en puestos de Liga Europea.<\/p>\n<p style=\"text-align: center;\"><a href=\"https:\/\/www.futboltotal.com.mx\/futbol-internacional\/\"><span style=\"color: #3366ff;\">VER M\u00c1S. Todas las noticias de futbol internacional<\/span><\/a><\/p>\n<p>Sevilla marcha en el cuarto puesto con 62 puntos y por ahora tiene en su poder esa cuarta plaza que permite disputar la repesca de la Champions League para la siguiente campa\u00f1a.<\/p>\n<p>El cuadro de Castell\u00f3n vio c\u00f3mo en un parpadeo su rival en turno se coloc\u00f3 2-0 antes del descanso, tras los goles de Ibai G\u00f3mez (35) y del italiano Rodrigo Ely (45), un golpe del que ya no pudo levantarse la escuadra visitante.<\/p>\n<p><strong>Villarreal<\/strong> recort\u00f3 distancias en el complemento con el tanto del congole\u00f1o Cedric Bakambu, quien perfor\u00f3 las redes de Fernando Pacheco al minuto 70, pero se qued\u00f3 con las ganas de siquiera emparejar las acciones en la cancha del estadio de Mendizorroza.<\/p>\n<p>Por una sobrecarga muscular, el mediocampista mexicano Jonathan dos Santos se qued\u00f3 sin actividad en este partido, no estuvo ni siquiera considerado para la banca y por tal raz\u00f3n se perdi\u00f3 su segundo encuentro seguido.<\/p>\n<p><b>S\u00edguenos en Twitter<\/b>:\u00a0<a href=\"https:\/\/twitter.com\/MXFutbolTotal\"><span class=\"s2\">@MXFutbolTotal<\/span><\/a><\/p>\n","protected":false},"excerpt":{"rendered":"<p>Jona dos Santos no se recuper\u00f3 y se perdi\u00f3 por segunda vez consecutiva un partido.<\/p>\n","protected":false},"author":20,"featured_media":474468,"comment_status":"closed","ping_status":"closed","sticky":false,"template":"","format":"standard","meta":[],"categories":[3839,3844,6718],"tags":[48,2607],"_links":{"self":[{"href":"http:\/\/desarrollo.grupomedios.com\/futbol\/wp-json\/wp\/v2\/posts\/474465"}],"collection":[{"href":"http:\/\/desarrollo.grupomedios.com\/futbol\/wp-json\/wp\/v2\/posts"}],"about":[{"href":"http:\/\/desarrollo.grupomedios.com\/futbol\/wp-json\/wp\/v2\/types\/post"}],"author":[{"embeddable":true,"href":"http:\/\/desarrollo.grupomedios.com\/futbol\/wp-json\/wp\/v2\/users\/20"}],"replies":[{"embeddable":true,"href":"http:\/\/desarrollo.grupomedios.com\/futbol\/wp-json\/wp\/v2\/comments?post=474465"}],"version-history":[{"count":4,"href":"http:\/\/desarrollo.grupomedios.com\/futbol\/wp-json\/wp\/v2\/posts\/474465\/revisions"}],"predecessor-version":[{"id":474478,"href":"http:\/\/desarrollo.grupomedios.com\/futbol\/wp-json\/wp\/v2\/posts\/474465\/revisions\/474478"}],"wp:featuredmedia":[{"embeddable":true,"href":"http:\/\/desarrollo.grupomedios.com\/futbol\/wp-json\/wp\/v2\/media\/474468"}],"wp:attachment":[{"href":"http:\/\/desarrollo.grupomedios.com\/futbol\/wp-json\/wp\/v2\/media?parent=474465"}],"wp:term":[{"taxonomy":"category","embeddable":true,"href":"http:\/\/desarrollo.grupomedios.com\/futbol\/wp-json\/wp\/v2\/categories?post=474465"},{"taxonomy":"post_tag","embeddable":true,"href":"http:\/\/desarrollo.grupomedios.com\/futbol\/wp-json\/wp\/v2\/tags?post=474465"}],"curies":[{"name":"wp","href":"https:\/\/api.w.org\/{rel}","templated":true}]}}