{"id":474500,"date":"2017-04-17T20:34:37","date_gmt":"2017-04-18T01:34:37","guid":{"rendered":"https:\/\/www.futboltotal.com.mx\/?p=474500"},"modified":"2017-04-20T13:25:11","modified_gmt":"2017-04-20T18:25:11","slug":"marcelo-puede-dejar-real-madrid-volver-a-brasil","status":"publish","type":"post","link":"http:\/\/desarrollo.grupomedios.com\/futbol\/futbol-internacional\/marcelo-puede-dejar-real-madrid-volver-a-brasil\/2017\/04","title":{"rendered":"Marcelo puede dejar el Real Madrid y volver a Brasil"},"content":{"rendered":"<p>El lateral del Real Madrid, <strong>Marcelo<\/strong>, dijo en una entrevista divulgada hoy en &#8216;Globo Esporte&#8217; que le gustar\u00eda jugar con la camiseta del Botafogo, pese a ser formado en las bases del Fluminense, equipos rivales de R\u00edo de Janeiro.<\/p>\n<blockquote><p>&#8220;Me gustar\u00eda poder jugar un d\u00eda en el Botafogo. Ser\u00eda genial&#8221;, afirm\u00f3 el internacional brasile\u00f1o.<\/p>\n<p style=\"text-align: center;\"><span style=\"color: #3366ff;\">VER M\u00c1S: Todas las noticias de futbol internacional\u00a0<\/span><\/p>\n<\/blockquote>\n<blockquote class=\"twitter-tweet\" data-lang=\"es\">\n<p dir=\"ltr\" lang=\"pt\">Aqui botafoguense sempre ser\u00e1 bem-vindo, <a href=\"https:\/\/twitter.com\/MarceloM12\">@MarceloM12<\/a> ! \u26ab\ufe0f\u26aa\ufe0f <a href=\"https:\/\/t.co\/igqUpDbbqy\">pic.twitter.com\/igqUpDbbqy<\/a><\/p>\n<p>\u2014 Botafogo F.R. (@BotafogoOficial) <a href=\"https:\/\/twitter.com\/BotafogoOficial\/status\/854033403108372482\">17 de abril de 2017<\/a><\/p><\/blockquote>\n<p><script async src=\"\/\/platform.twitter.com\/widgets.js\" charset=\"utf-8\"><\/script><\/p>\n<p>El <strong>Botafogo<\/strong> respondi\u00f3 al poco tiempo de emitirse el reportaje por medio de un tuit en el que le dijo al zaguero blanco: &#8220;siempre ser\u00e1 bienvenido&#8221;.<\/p>\n<p>Adem\u00e1s, el conjunto carioca le ofreci\u00f3 vestir la camiseta con el dorsal n\u00famero seis que un d\u00eda visti\u00f3 el legendario Nilton Santos, jugador que gan\u00f3 los mundiales de 1958 y 1962 como lateral izquierdo de la selecci\u00f3n brasile\u00f1a y desarroll\u00f3 toda su carrera en el Botafogo.<\/p>\n<p><strong>Marcelo<\/strong> disputar\u00e1, previsiblemente, este martes ante el Bayern M\u00fanich en la vuelta de los cuartos de final de Liga de Campeones su partido 400 con la camiseta del Real Madrid.<\/p>\n<p>Cumplida ya la d\u00e9cada en el conjunto blanco, el lateral ha superado los partidos con los que termin\u00f3 Alfredo Di St\u00e9fano y ya solo tiene por delante a su compatriota Roberto Carlos (527) para convertirse en el extranjero con m\u00e1s partidos en la historia del club.<\/p>\n<p><b>S\u00edguenos en Twitter<\/b>:\u00a0<a href=\"https:\/\/twitter.com\/MXFutbolTotal\"><span class=\"s2\">@MXFutbolTotal<\/span><\/a><\/p>\n","protected":false},"excerpt":{"rendered":"<p>Al lateral izquierdo brasile\u00f1o revel\u00f3 en qu\u00e9 club le gustar\u00eda jugar. <\/p>\n","protected":false},"author":20,"featured_media":474501,"comment_status":"closed","ping_status":"closed","sticky":false,"template":"","format":"standard","meta":[],"categories":[7740,3839,3844],"tags":[1197,5988],"_links":{"self":[{"href":"http:\/\/desarrollo.grupomedios.com\/futbol\/wp-json\/wp\/v2\/posts\/474500"}],"collection":[{"href":"http:\/\/desarrollo.grupomedios.com\/futbol\/wp-json\/wp\/v2\/posts"}],"about":[{"href":"http:\/\/desarrollo.grupomedios.com\/futbol\/wp-json\/wp\/v2\/types\/post"}],"author":[{"embeddable":true,"href":"http:\/\/desarrollo.grupomedios.com\/futbol\/wp-json\/wp\/v2\/users\/20"}],"replies":[{"embeddable":true,"href":"http:\/\/desarrollo.grupomedios.com\/futbol\/wp-json\/wp\/v2\/comments?post=474500"}],"version-history":[{"count":1,"href":"http:\/\/desarrollo.grupomedios.com\/futbol\/wp-json\/wp\/v2\/posts\/474500\/revisions"}],"predecessor-version":[{"id":474502,"href":"http:\/\/desarrollo.grupomedios.com\/futbol\/wp-json\/wp\/v2\/posts\/474500\/revisions\/474502"}],"wp:featuredmedia":[{"embeddable":true,"href":"http:\/\/desarrollo.grupomedios.com\/futbol\/wp-json\/wp\/v2\/media\/474501"}],"wp:attachment":[{"href":"http:\/\/desarrollo.grupomedios.com\/futbol\/wp-json\/wp\/v2\/media?parent=474500"}],"wp:term":[{"taxonomy":"category","embeddable":true,"href":"http:\/\/desarrollo.grupomedios.com\/futbol\/wp-json\/wp\/v2\/categories?post=474500"},{"taxonomy":"post_tag","embeddable":true,"href":"http:\/\/desarrollo.grupomedios.com\/futbol\/wp-json\/wp\/v2\/tags?post=474500"}],"curies":[{"name":"wp","href":"https:\/\/api.w.org\/{rel}","templated":true}]}}