{"id":474516,"date":"2017-04-18T20:15:20","date_gmt":"2017-04-19T01:15:20","guid":{"rendered":"https:\/\/www.futboltotal.com.mx\/?p=474516"},"modified":"2017-04-19T00:16:36","modified_gmt":"2017-04-19T05:16:36","slug":"en-vivo-tigres-vs-pachuca-concachampions","status":"publish","type":"post","link":"http:\/\/desarrollo.grupomedios.com\/futbol\/futbol-internacional\/en-vivo-tigres-vs-pachuca-concachampions\/2017\/04","title":{"rendered":"AS\u00cd SE VIVI\u00d3 | Tigres 1-1 Pachuca | Concachampions"},"content":{"rendered":"<p style=\"text-align: center;\"><span style=\"color: #003366;\"><a style=\"color: #003366;\" href=\"https:\/\/www.futboltotal.com.mx\/en-vivo\/en-vivo-tigres-vs-pachuca-concachampions\/89\/2017\/00\">DA CLICK AQU\u00cd Y SIGUE EN VIVO EL PARTIDO TIGRES VS PACHUCA HOY A LAS 21:00 HORAS<\/a><\/span><\/p>\n<p><strong>Tigres UANL<\/strong>\u00a0<strong>vs\u00a0Pachuca\u00a0<\/strong>es el partidazo de la final de la Liga de Campeones de la Concacaf 2016-17, en el que este martes los <em>Felinos <\/em>buscar\u00e1n imponer\u00a0y dar el primer paso rumbo al Mundial de Clubes de Emiratos \u00c1rabes Unidos de diciembre.<\/p>\n<p>La final de la <em>Concachampions<\/em>, adem\u00e1s del t\u00edtulo, le reportar\u00e1 al campe\u00f3n su boleto para el torneo de clubes que reunir\u00e1 a siete campeones de seis confederaciones adem\u00e1s del campe\u00f3n local como organizador.<\/p>\n<p>Tigres est\u00e1 por segunda ocasi\u00f3n consecutiva en la final -perdi\u00f3 la edici\u00f3n anterior ante el Am\u00e9rica- y busca su primer t\u00edtulo de la Concacaf, mientras que el Pachuca a va por su segunda corona, ya que fue campe\u00f3n en la campa\u00f1a 2009-10.<\/p>\n<p style=\"text-align: center;\"><span style=\"color: #003366;\"><a style=\"color: #003366;\" href=\"https:\/\/www.futboltotal.com.mx\/en-vivo\/en-vivo-tigres-vs-pachuca-concachampions\/89\/2017\/00\">DA CLICK AQU\u00cd Y SIGUE EN VIVO EL PARTIDO TIGRES VS PACHUCA HOY A LAS 21:00 HORAS<\/a><\/span><\/p>\n<p>Los <em>Felinos<\/em>, bajo el mando del brasile\u00f1o Ricardo Ferretti, tienen uno de los mejores planteles del f\u00fatbol mexicano y est\u00e1n liderados por el atacante franc\u00e9s Andr\u00e9-Pierre Gignac, quien formar\u00e1 en la ofensiva junto con el chileno Eduardo Vargas<\/p>\n<p>El Pachuca que dirige el uruguayo Diego Alonso buscar\u00e1 dar la sorpresa y vencer como visitante o al menos anotar un gol para intentar resolver la serie en su casa en la vuelta. En el uruguayo Jonathan Urretavizcaya y el mexicano Hirving Lozano recae el peso de la ofensiva del Pachuca.<\/p>\n<p>A la final de la Concacaf, los dos equipos llegan en igualdad de fuerzas, ya que en la clasificaci\u00f3n mexicana el Pachuca ocupa el octavo puesto con 20 puntos y el Tigres es noveno con 19.<\/p>\n<p>&nbsp;<\/p>\n","protected":false},"excerpt":{"rendered":"<p>Sigue todas las acciones en directo del partido de Ida de la Gran Final de la Liga de Campeones. <\/p>\n","protected":false},"author":20,"featured_media":474667,"comment_status":"closed","ping_status":"closed","sticky":false,"template":"","format":"standard","meta":[],"categories":[5398,3839],"tags":[282,3182,5968,5973],"_links":{"self":[{"href":"http:\/\/desarrollo.grupomedios.com\/futbol\/wp-json\/wp\/v2\/posts\/474516"}],"collection":[{"href":"http:\/\/desarrollo.grupomedios.com\/futbol\/wp-json\/wp\/v2\/posts"}],"about":[{"href":"http:\/\/desarrollo.grupomedios.com\/futbol\/wp-json\/wp\/v2\/types\/post"}],"author":[{"embeddable":true,"href":"http:\/\/desarrollo.grupomedios.com\/futbol\/wp-json\/wp\/v2\/users\/20"}],"replies":[{"embeddable":true,"href":"http:\/\/desarrollo.grupomedios.com\/futbol\/wp-json\/wp\/v2\/comments?post=474516"}],"version-history":[{"count":11,"href":"http:\/\/desarrollo.grupomedios.com\/futbol\/wp-json\/wp\/v2\/posts\/474516\/revisions"}],"predecessor-version":[{"id":474672,"href":"http:\/\/desarrollo.grupomedios.com\/futbol\/wp-json\/wp\/v2\/posts\/474516\/revisions\/474672"}],"wp:featuredmedia":[{"embeddable":true,"href":"http:\/\/desarrollo.grupomedios.com\/futbol\/wp-json\/wp\/v2\/media\/474667"}],"wp:attachment":[{"href":"http:\/\/desarrollo.grupomedios.com\/futbol\/wp-json\/wp\/v2\/media?parent=474516"}],"wp:term":[{"taxonomy":"category","embeddable":true,"href":"http:\/\/desarrollo.grupomedios.com\/futbol\/wp-json\/wp\/v2\/categories?post=474516"},{"taxonomy":"post_tag","embeddable":true,"href":"http:\/\/desarrollo.grupomedios.com\/futbol\/wp-json\/wp\/v2\/tags?post=474516"}],"curies":[{"name":"wp","href":"https:\/\/api.w.org\/{rel}","templated":true}]}}