{"id":474526,"date":"2017-04-18T09:45:05","date_gmt":"2017-04-18T14:45:05","guid":{"rendered":"https:\/\/www.futboltotal.com.mx\/?p=474526"},"modified":"2017-04-20T13:24:58","modified_gmt":"2017-04-20T18:24:58","slug":"inter-prepara-una-oferta-50-millones-para-fichar-simeone","status":"publish","type":"post","link":"http:\/\/desarrollo.grupomedios.com\/futbol\/futbol-internacional\/inter-prepara-una-oferta-50-millones-para-fichar-simeone\/2017\/04","title":{"rendered":"Inter prepara una oferta multimillonaria para fichar a Simeone"},"content":{"rendered":"<p class=\"DETALLE_N_titulo \"><span id=\"ctl14_lblMostra\">El <strong>Inter de Mil\u00e1n<\/strong> prepara una oferta de <strong>50\u00a0millones de euros<\/strong> en cinco a\u00f1os para hacerse con el actual t\u00e9cnico del <strong>Atl\u00e9tico Madrid<\/strong>, el argentino <strong>Diego Pablo Simeone<\/strong>, seg\u00fan adelanta el diario italiano &#8220;La Gazzetta dello Sport&#8221;.<\/span><\/p>\n<p>La dif\u00edcil situaci\u00f3n del Inter, que es s\u00e9ptimo en la Serie A italiana, convenci\u00f3 a la propiedad china del club a preparar una oferta millonaria para Simeone, que sustituir\u00eda desde el pr\u00f3ximo a\u00f1o al actual entrenador, Stefano Pioli.<\/p>\n<p>El Inter lleva ya a\u00f1os deseando una futura incorporaci\u00f3n del <em>Cholo<\/em>, que jug\u00f3 en este equipo, y tratar\u00e1 de convencerle con un contrato de cinco a\u00f1os a cambio de una cantidad entre los diez y los once millones de euros por temporada.<\/p>\n<p class=\"DETALLE_N_titulo \" style=\"text-align: center;\"><span id=\"ctl14_lblMostra\" style=\"color: #003300;\"><a style=\"color: #003300;\" href=\"https:\/\/www.futboltotal.com.mx\/2017\/04\/cruz-azul-bloquea-parejo-le-toco-a-carlos-hermosillo\/\">VER M\u00c1S: Cruz Azul bloquea parejo&#8230; \u00a1le toc\u00f3 a Carlos Hermosillo!<\/a><\/span><\/p>\n<p class=\"DETALLE_N_titulo \" style=\"text-align: left;\"><span id=\"ctl14_lblMostra\"><br \/>\nEl medio italiano adelanta adem\u00e1s que Simeone contar\u00eda con plena libertad para planear el mercado de fichajes de un equipo que el pr\u00f3ximo a\u00f1o no podr\u00e1 fallar la clasificaci\u00f3n para la Liga de Campeones.<\/span><\/p>\n<p>El entrenador argentino es el principal objetivo del Inter para el nuevo curso, aunque tambi\u00e9n el actual t\u00e9cnico del Chelsea ingl\u00e9s, Antonio Conte, figura en la lista de los milaneses.<\/p>\n<p>De confirmarse estas informaciones, el conjunto &#8220;nerazzurro&#8221; destituir\u00eda a Pioli al finalizar esta campa\u00f1a y cambiar\u00eda el cuarto entrenador en los \u00faltimos diez meses, tras Roberto Mancini, el holand\u00e9s Frank De Boer y Stefano Vecchi.<\/p>\n<p class=\"DETALLE_N_titulo \" style=\"text-align: center;\"><span style=\"color: #003366;\"><a style=\"color: #003366;\" href=\"https:\/\/www.futboltotal.com.mx\/2017\/04\/marcelo-puede-dejar-real-madrid-volver-a-brasil\/\">VER M\u00c1S: Marcelo puede dejar el Real Madrid y volver a Brasil<\/a><\/span><\/p>\n<div id=\"texto\" class=\"texto_txt\"><\/div>\n","protected":false},"excerpt":{"rendered":"<p>La dif\u00edcil situaci\u00f3n del Inter le habr\u00eda convencido de preparar una oferta millonaria para Simeone.<\/p>\n","protected":false},"author":144,"featured_media":469908,"comment_status":"closed","ping_status":"closed","sticky":false,"template":"","format":"standard","meta":[],"categories":[7740,3839],"tags":[7058,1384,1073,227,8053,3079],"_links":{"self":[{"href":"http:\/\/desarrollo.grupomedios.com\/futbol\/wp-json\/wp\/v2\/posts\/474526"}],"collection":[{"href":"http:\/\/desarrollo.grupomedios.com\/futbol\/wp-json\/wp\/v2\/posts"}],"about":[{"href":"http:\/\/desarrollo.grupomedios.com\/futbol\/wp-json\/wp\/v2\/types\/post"}],"author":[{"embeddable":true,"href":"http:\/\/desarrollo.grupomedios.com\/futbol\/wp-json\/wp\/v2\/users\/144"}],"replies":[{"embeddable":true,"href":"http:\/\/desarrollo.grupomedios.com\/futbol\/wp-json\/wp\/v2\/comments?post=474526"}],"version-history":[{"count":2,"href":"http:\/\/desarrollo.grupomedios.com\/futbol\/wp-json\/wp\/v2\/posts\/474526\/revisions"}],"predecessor-version":[{"id":474985,"href":"http:\/\/desarrollo.grupomedios.com\/futbol\/wp-json\/wp\/v2\/posts\/474526\/revisions\/474985"}],"wp:featuredmedia":[{"embeddable":true,"href":"http:\/\/desarrollo.grupomedios.com\/futbol\/wp-json\/wp\/v2\/media\/469908"}],"wp:attachment":[{"href":"http:\/\/desarrollo.grupomedios.com\/futbol\/wp-json\/wp\/v2\/media?parent=474526"}],"wp:term":[{"taxonomy":"category","embeddable":true,"href":"http:\/\/desarrollo.grupomedios.com\/futbol\/wp-json\/wp\/v2\/categories?post=474526"},{"taxonomy":"post_tag","embeddable":true,"href":"http:\/\/desarrollo.grupomedios.com\/futbol\/wp-json\/wp\/v2\/tags?post=474526"}],"curies":[{"name":"wp","href":"https:\/\/api.w.org\/{rel}","templated":true}]}}