{"id":474565,"date":"2017-04-18T12:15:17","date_gmt":"2017-04-18T17:15:17","guid":{"rendered":"https:\/\/www.futboltotal.com.mx\/?p=474565"},"modified":"2017-04-18T12:15:17","modified_gmt":"2017-04-18T17:15:17","slug":"chicharito-ya-pelo-esta-vuelta-bayer-leverkusen","status":"publish","type":"post","link":"http:\/\/desarrollo.grupomedios.com\/futbol\/futbol-internacional\/chicharito-ya-pelo-esta-vuelta-bayer-leverkusen\/2017\/04","title":{"rendered":"Chicharito (ya con pelo) est\u00e1 de vuelta con Bayer Leverkusen"},"content":{"rendered":"<p>Aunque los resultados no han acompa\u00f1ado al <strong>Bayer Leverkusen<\/strong> en las \u00faltimas semanas, el equipo alem\u00e1n ha recuperado al delantero mexicano <strong>Javier <em>Chicharito<\/em> Hern\u00e1ndez<\/strong>, quien parece que dej\u00f3 atr\u00e1s las molestias musculares que lo dejaron fuera de actividad.<\/p>\n<p>El goleador apareci\u00f3 en el entrenamiento del Leverkusen y podr\u00eda volver a ver minutos de juego en el partido de la Bundesliga ante el Freiburg.<\/p>\n<p style=\"text-align: center;\"><span style=\"color: #003366;\"><a style=\"color: #003366;\" href=\"https:\/\/www.futboltotal.com.mx\/2017\/04\/chicharito-yo-no-queria-ser-suplente-real-madrid-pero-solo-juegan-11\/\">VER M\u00c1S: &#8220;No quer\u00eda ser suplente en el Madrid, pero s\u00f3lo juegan 11&#8221;: Chicharito<\/a><\/span><\/p>\n<p>Hern\u00e1ndez no ha jugado con el Leverkusen desde el pasado 18 de marzo ante el Hoffenheim, para despu\u00e9s acudir al llamado de la <strong>Selecci\u00f3n Mexicana<\/strong> y volver con su club aunque con problemas f\u00edsicos.<\/p>\n<p>El cuadro de las <em>Aspirinas<\/em> comparti\u00f3 un video de Javier en redes sociales, en el que se ve a <em>Chicharito<\/em> siendo buscado por algunos fan\u00e1ticos para tomarse una foto, adem\u00e1s de que vuelve a mostrarse con su look tradicional&#8230; ya con pelo.<\/p>\n<p>&nbsp;<\/p>\n<blockquote class=\"twitter-video\" data-lang=\"es\">\n<p dir=\"ltr\" lang=\"es\">\u00bfYa vieron qui\u00e9n est\u00e1 de vuelta?<\/p>\n<p>\u00a1CHI-CHA-RI-TO! \u26bd<a href=\"https:\/\/twitter.com\/hashtag\/SomosBayer04?src=hash\">#SomosBayer04<\/a> <a href=\"https:\/\/twitter.com\/CH14_\">@CH14_<\/a> \u26ab <a href=\"https:\/\/t.co\/X5P6NSE0Kn\">pic.twitter.com\/X5P6NSE0Kn<\/a><\/p>\n<p>\u2014 Bayer 04 Leverkusen (@bayer04_es) <a href=\"https:\/\/twitter.com\/bayer04_es\/status\/854334499248676864\">18 de abril de 2017<\/a><\/p><\/blockquote>\n<p><script async src=\"\/\/platform.twitter.com\/widgets.js\" charset=\"utf-8\"><\/script><\/p>\n<p class=\"p1\"><span class=\"s1\"><b>S\u00edguenos en Twitter<\/b>:\u00a0<a href=\"https:\/\/twitter.com\/MXFutbolTotal\"><span class=\"s2\">@MXFutbolTotal<\/span><\/a><\/span><\/p>\n","protected":false},"excerpt":{"rendered":"<p>El goleador mexicano apareci\u00f3 en el entrenamiento del Bayer Leverkusen.<\/p>\n","protected":false},"author":20,"featured_media":463042,"comment_status":"closed","ping_status":"closed","sticky":false,"template":"","format":"standard","meta":[],"categories":[5419,3839,6822,6718],"tags":[4335,120,5985,549],"_links":{"self":[{"href":"http:\/\/desarrollo.grupomedios.com\/futbol\/wp-json\/wp\/v2\/posts\/474565"}],"collection":[{"href":"http:\/\/desarrollo.grupomedios.com\/futbol\/wp-json\/wp\/v2\/posts"}],"about":[{"href":"http:\/\/desarrollo.grupomedios.com\/futbol\/wp-json\/wp\/v2\/types\/post"}],"author":[{"embeddable":true,"href":"http:\/\/desarrollo.grupomedios.com\/futbol\/wp-json\/wp\/v2\/users\/20"}],"replies":[{"embeddable":true,"href":"http:\/\/desarrollo.grupomedios.com\/futbol\/wp-json\/wp\/v2\/comments?post=474565"}],"version-history":[{"count":1,"href":"http:\/\/desarrollo.grupomedios.com\/futbol\/wp-json\/wp\/v2\/posts\/474565\/revisions"}],"predecessor-version":[{"id":474569,"href":"http:\/\/desarrollo.grupomedios.com\/futbol\/wp-json\/wp\/v2\/posts\/474565\/revisions\/474569"}],"wp:featuredmedia":[{"embeddable":true,"href":"http:\/\/desarrollo.grupomedios.com\/futbol\/wp-json\/wp\/v2\/media\/463042"}],"wp:attachment":[{"href":"http:\/\/desarrollo.grupomedios.com\/futbol\/wp-json\/wp\/v2\/media?parent=474565"}],"wp:term":[{"taxonomy":"category","embeddable":true,"href":"http:\/\/desarrollo.grupomedios.com\/futbol\/wp-json\/wp\/v2\/categories?post=474565"},{"taxonomy":"post_tag","embeddable":true,"href":"http:\/\/desarrollo.grupomedios.com\/futbol\/wp-json\/wp\/v2\/tags?post=474565"}],"curies":[{"name":"wp","href":"https:\/\/api.w.org\/{rel}","templated":true}]}}