{"id":474581,"date":"2017-04-18T14:31:28","date_gmt":"2017-04-18T19:31:28","guid":{"rendered":"https:\/\/www.futboltotal.com.mx\/?p=474581"},"modified":"2017-04-18T14:31:28","modified_gmt":"2017-04-18T19:31:28","slug":"debuta-la-abanderada-sexy-del-mundo-en-brasil","status":"publish","type":"post","link":"http:\/\/desarrollo.grupomedios.com\/futbol\/galerias\/debuta-la-abanderada-sexy-del-mundo-en-brasil\/2017\/04","title":{"rendered":"Debuta la abanderada m\u00e1s sexy del mundo, en Brasil"},"content":{"rendered":"<p>El mundo del futbol se ha enamorado de una abanderada que reci\u00e9n debut\u00f3 en el futbol amateur brasile\u00f1o, se trata de <strong>Denise Bueno,<\/strong> quien adem\u00e1s de dedicarse al modelaje, es profesionista, pues es psic\u00f3loga, empresaria y ahora, juez de l\u00ednea.<\/p>\n<blockquote class=\"twitter-tweet\" data-lang=\"es\">\n<p dir=\"ltr\" lang=\"en\"><a href=\"https:\/\/twitter.com\/hashtag\/DeniseBueno?src=hash\">#DeniseBueno<\/a> Brazilian Referee &#x1f1e7;&#x1f1f7; <a href=\"https:\/\/t.co\/YFUux4utYT\">pic.twitter.com\/YFUux4utYT<\/a><\/p>\n<p>\u2014 Futbol Babes (@futbolbabes) <a href=\"https:\/\/twitter.com\/futbolbabes\/status\/854390478791376896\">18 de abril de 2017<\/a><\/p><\/blockquote>\n<p><script async src=\"\/\/platform.twitter.com\/widgets.js\" charset=\"utf-8\"><\/script><\/p>\n<blockquote class=\"instagram-media\" style=\"background: #FFF; border: 0; border-radius: 3px; box-shadow: 0 0 1px 0 rgba(0,0,0,0.5),0 1px 10px 0 rgba(0,0,0,0.15); margin: 1px; max-width: 658px; padding: 0; width: calc(100% - 2px);\" data-instgrm-captioned=\"\" data-instgrm-version=\"7\">\n<div style=\"padding: 8px;\">\n<div style=\"background: #F8F8F8; line-height: 0; margin-top: 40px; padding: 62.48665955176094% 0; text-align: center; width: 100%;\"><\/div>\n<p style=\"margin: 8px 0 0 0; padding: 0 4px;\"><a style=\"color: #000; font-family: Arial,sans-serif; font-size: 14px; font-style: normal; font-weight: normal; line-height: 17px; text-decoration: none; word-wrap: break-word;\" href=\"https:\/\/www.instagram.com\/p\/BTCBRapF6bi\/\" target=\"_blank\">Mais um site #internacional . Bem vindo a todos que est\u00e3o me seguindo aqui &#x1f60d;. Eu n\u00e3o falo ingl\u00eas, mas prometo responder a todas as mensagens nem se for c #emotions rs.Amo real&#x1f60d;.<\/a><\/p>\n<p style=\"color: #c9c8cd; font-family: Arial,sans-serif; font-size: 14px; line-height: 17px; margin-bottom: 0; margin-top: 8px; overflow: hidden; padding: 8px 0 7px; text-align: center; text-overflow: ellipsis; white-space: nowrap;\">A post shared by Denise Bueno (@denisebuenomusa) on <time style=\"font-family: Arial,sans-serif; font-size: 14px; line-height: 17px;\" datetime=\"2017-04-18T15:22:20+00:00\">Apr 18, 2017 at 8:22am PDT<\/time><\/p>\n<\/div>\n<\/blockquote>\n<p><script async defer src=\"\/\/platform.instagram.com\/en_US\/embeds.js\"><\/script><\/p>\n<p><strong>Denise Bueno<\/strong> deleit\u00f3 a aficionados y jugadores, durante el partido amistoso donde debut\u00f3, pues a prop\u00f3sito, moj\u00f3 su playera mientras beb\u00eda agua, para demostrar que no s\u00f3lo es bella, sino tambi\u00e9n muy sexy, algo que hizo que los futbolistas no pudieran quitar la vista de su atuendo.<\/p>\n<p style=\"text-align: center;\"><span style=\"color: #3366ff;\"><a style=\"color: #3366ff;\" href=\"https:\/\/www.futboltotal.com.mx\/2017\/04\/higuera-ofendio-a-jose-ramon-a-faitelson-en-plena-transmision\/\" target=\"_blank\"><strong>LEER M\u00c1S: Higuera ofende a Joserra en plena transmisi\u00f3n<\/strong><\/a><\/span><\/p>\n<blockquote class=\"instagram-media\" style=\"background: #FFF; border: 0; border-radius: 3px; box-shadow: 0 0 1px 0 rgba(0,0,0,0.5),0 1px 10px 0 rgba(0,0,0,0.15); margin: 1px; max-width: 658px; padding: 0; width: calc(100% - 2px);\" data-instgrm-captioned=\"\" data-instgrm-version=\"7\">\n<div style=\"padding: 8px;\">\n<div style=\"background: #F8F8F8; line-height: 0; margin-top: 40px; padding: 50.0% 0; text-align: center; width: 100%;\"><span style=\"color: #3366ff;\"><strong>\u00a0<\/strong><\/span><\/div>\n<p style=\"margin: 8px 0px 0px; padding: 0px 4px; text-align: center;\"><span style=\"color: #3366ff;\"><strong><a style=\"color: #3366ff; font-family: Arial, sans-serif; font-size: 14px; font-style: normal; font-weight: normal; line-height: 17px; text-decoration: none; word-wrap: break-word;\" href=\"https:\/\/www.instagram.com\/p\/BTB9etdlJo0\/\" target=\"_blank\">&#8220;N\u00e3o me acho #sexy &#8221; #bandeirinhasexy<\/a><\/strong><\/span><\/p>\n<p style=\"color: #c9c8cd; font-family: Arial,sans-serif; font-size: 14px; line-height: 17px; margin-bottom: 0; margin-top: 8px; overflow: hidden; padding: 8px 0 7px; text-align: center; text-overflow: ellipsis; white-space: nowrap;\"><span style=\"color: #3366ff;\"><strong>A post shared by Denise Bueno (@denisebuenomusa) on <time style=\"font-family: Arial,sans-serif; font-size: 14px; line-height: 17px;\" datetime=\"2017-04-18T14:49:12+00:00\">Apr 18, 2017 at 7:49am PDT<\/time><\/strong><\/span><\/p>\n<\/div>\n<\/blockquote>\n<p><script async defer src=\"\/\/platform.instagram.com\/en_US\/embeds.js\"><\/script><\/p>\n<blockquote class=\"instagram-media\" style=\"background: #FFF; border: 0; border-radius: 3px; box-shadow: 0 0 1px 0 rgba(0,0,0,0.5),0 1px 10px 0 rgba(0,0,0,0.15); margin: 1px; max-width: 658px; padding: 0; width: calc(100% - 2px);\" data-instgrm-captioned=\"\" data-instgrm-version=\"7\">\n<div style=\"padding: 8px;\">\n<div style=\"background: #F8F8F8; line-height: 0; margin-top: 40px; padding: 50.0% 0; text-align: center; width: 100%;\"><\/div>\n<p style=\"margin: 8px 0 0 0; padding: 0 4px;\"><a style=\"color: #000; font-family: Arial,sans-serif; font-size: 14px; font-style: normal; font-weight: normal; line-height: 17px; text-decoration: none; word-wrap: break-word;\" href=\"https:\/\/www.instagram.com\/p\/BTCGVzUlUXg\/\" target=\"_blank\">E mais um \u261d\ufe0f<\/a><\/p>\n<p style=\"color: #c9c8cd; font-family: Arial,sans-serif; font-size: 14px; line-height: 17px; margin-bottom: 0; margin-top: 8px; overflow: hidden; padding: 8px 0 7px; text-align: center; text-overflow: ellipsis; white-space: nowrap;\">A post shared by Denise Bueno (@denisebuenomusa) on <time style=\"font-family: Arial,sans-serif; font-size: 14px; line-height: 17px;\" datetime=\"2017-04-18T16:06:37+00:00\">Apr 18, 2017 at 9:06am PDT<\/time><\/p>\n<\/div>\n<\/blockquote>\n<p><script async defer src=\"\/\/platform.instagram.com\/en_US\/embeds.js\"><\/script><\/p>\n<p>\u201cNo me gusta que me digan linier sexy. Al contrario, preferir\u00eda que me llamen profesional\u201d, indica <strong>Denise Bueno<\/strong>, en entrevista con el diario<em> O globo<\/em>.<\/p>\n<p><a href=\"https:\/\/www.futboltotal.com.mx\/wp-content\/uploads\/2017\/04\/denise-bueno-juez-de-linea.jpg\"><img decoding=\"async\" loading=\"lazy\" class=\"alignnone size-full wp-image-474582\" src=\"https:\/\/www.futboltotal.com.mx\/wp-content\/uploads\/2017\/04\/denise-bueno-juez-de-linea.jpg\" alt=\"Debuta la abanderada m\u00e1s sexy del mundo, en Brasil 0\" srcset=\"http:\/\/desarrollo.grupomedios.com\/futbol\/wp-content\/uploads\/2017\/04\/denise-bueno-juez-de-linea.jpg 1136w, http:\/\/desarrollo.grupomedios.com\/futbol\/wp-content\/uploads\/2017\/04\/denise-bueno-juez-de-linea-300x169.jpg 300w, http:\/\/desarrollo.grupomedios.com\/futbol\/wp-content\/uploads\/2017\/04\/denise-bueno-juez-de-linea-768x432.jpg 768w, http:\/\/desarrollo.grupomedios.com\/futbol\/wp-content\/uploads\/2017\/04\/denise-bueno-juez-de-linea-1024x576.jpg 1024w, http:\/\/desarrollo.grupomedios.com\/futbol\/wp-content\/uploads\/2017\/04\/denise-bueno-juez-de-linea-317x178.jpg 317w, http:\/\/desarrollo.grupomedios.com\/futbol\/wp-content\/uploads\/2017\/04\/denise-bueno-juez-de-linea-535x301.jpg 535w, http:\/\/desarrollo.grupomedios.com\/futbol\/wp-content\/uploads\/2017\/04\/denise-bueno-juez-de-linea-374x210.jpg 374w\" sizes=\"(max-width: 1136px) 100vw, 1136px\" \/><\/a><\/p>\n<blockquote class=\"instagram-media\" style=\"background: #FFF; border: 0; border-radius: 3px; box-shadow: 0 0 1px 0 rgba(0,0,0,0.5),0 1px 10px 0 rgba(0,0,0,0.15); margin: 1px; max-width: 658px; padding: 0; width: calc(100% - 2px);\" data-instgrm-captioned=\"\" data-instgrm-version=\"7\">\n<div style=\"padding: 8px;\">\n<div style=\"background: #F8F8F8; line-height: 0; margin-top: 40px; padding: 50.0% 0; text-align: center; width: 100%;\"><\/div>\n<p style=\"margin: 8px 0 0 0; padding: 0 4px;\"><a style=\"color: #000; font-family: Arial,sans-serif; font-size: 14px; font-style: normal; font-weight: normal; line-height: 17px; text-decoration: none; word-wrap: break-word;\" href=\"https:\/\/www.instagram.com\/p\/BTCNkJQFv2D\/\" target=\"_blank\">Dia de #bronze com @vanessabronzee<\/a><\/p>\n<p style=\"color: #c9c8cd; font-family: Arial,sans-serif; font-size: 14px; line-height: 17px; margin-bottom: 0; margin-top: 8px; overflow: hidden; padding: 8px 0 7px; text-align: center; text-overflow: ellipsis; white-space: nowrap;\">A post shared by Denise Bueno (@denisebuenomusa) on <time style=\"font-family: Arial,sans-serif; font-size: 14px; line-height: 17px;\" datetime=\"2017-04-18T17:09:45+00:00\">Apr 18, 2017 at 10:09am PDT<\/time><\/p>\n<\/div>\n<\/blockquote>\n<p><script async defer src=\"\/\/platform.instagram.com\/en_US\/embeds.js\"><\/script><\/p>\n<blockquote class=\"instagram-media\" style=\"background: #FFF; border: 0; border-radius: 3px; box-shadow: 0 0 1px 0 rgba(0,0,0,0.5),0 1px 10px 0 rgba(0,0,0,0.15); margin: 1px; max-width: 658px; padding: 0; width: calc(100% - 2px);\" data-instgrm-captioned=\"\" data-instgrm-version=\"7\">\n<div style=\"padding: 8px;\">\n<div style=\"background: #F8F8F8; line-height: 0; margin-top: 40px; padding: 62.48665955176094% 0; text-align: center; width: 100%;\"><\/div>\n<p style=\"margin: 8px 0 0 0; padding: 0 4px;\"><a style=\"color: #000; font-family: Arial,sans-serif; font-size: 14px; font-style: normal; font-weight: normal; line-height: 17px; text-decoration: none; word-wrap: break-word;\" href=\"https:\/\/www.instagram.com\/p\/BSuZueIF3-c\/\" target=\"_blank\">Menina risonha, que ri e que sonha! &#x1f469;&#x1f3fd;<\/a><\/p>\n<p style=\"color: #c9c8cd; font-family: Arial,sans-serif; font-size: 14px; line-height: 17px; margin-bottom: 0; margin-top: 8px; overflow: hidden; padding: 8px 0 7px; text-align: center; text-overflow: ellipsis; white-space: nowrap;\">A post shared by Denise Bueno (@denisebuenomusa) on <time style=\"font-family: Arial,sans-serif; font-size: 14px; line-height: 17px;\" datetime=\"2017-04-11T00:31:12+00:00\">Apr 10, 2017 at 5:31pm PDT<\/time><\/p>\n<\/div>\n<\/blockquote>\n<p><script async defer src=\"\/\/platform.instagram.com\/en_US\/embeds.js\"><\/script><\/p>\n<blockquote class=\"instagram-media\" style=\"background: #FFF; border: 0; border-radius: 3px; box-shadow: 0 0 1px 0 rgba(0,0,0,0.5),0 1px 10px 0 rgba(0,0,0,0.15); margin: 1px; max-width: 658px; padding: 0; width: calc(100% - 2px);\" data-instgrm-captioned=\"\" data-instgrm-version=\"7\">\n<div style=\"padding: 8px;\">\n<div style=\"background: #F8F8F8; line-height: 0; margin-top: 40px; padding: 50.0% 0; text-align: center; width: 100%;\"><\/div>\n<p style=\"margin: 8px 0 0 0; padding: 0 4px;\"><a style=\"color: #000; font-family: Arial,sans-serif; font-size: 14px; font-style: normal; font-weight: normal; line-height: 17px; text-decoration: none; word-wrap: break-word;\" href=\"https:\/\/www.instagram.com\/p\/BRyQSaclV-r\/\" target=\"_blank\">Trabalho Extraordin\u00e1rio feito em minhas Sobrancelhas por ela @glaugraminha Formada com o Expert e Campe\u00e3o Latino Americano em micropigmenta\u00e7\u00e3o James Olaya. Gl\u00e1ucia traz t\u00e9cnicas exclusivas de James que v\u00e3o diferenciar suas sobrancelhas. Gl\u00e1ucia \u00e9 especialista em micropigmenta\u00e7\u00e3o nas sobrancelhas e l\u00e1bios, desde a corre\u00e7\u00e3o de falhas e imperfei\u00e7oes at\u00e9 delinear novos contornos. Agende uma Avalia\u00e7\u00e3o Gratuita, a Qualidade \u00e9 Garantida ! 3532-4180.<\/a><\/p>\n<p style=\"color: #c9c8cd; font-family: Arial,sans-serif; font-size: 14px; line-height: 17px; margin-bottom: 0; margin-top: 8px; overflow: hidden; padding: 8px 0 7px; text-align: center; text-overflow: ellipsis; white-space: nowrap;\">A post shared by Denise Bueno (@denisebuenomusa) on <time style=\"font-family: Arial,sans-serif; font-size: 14px; line-height: 17px;\" datetime=\"2017-03-18T15:54:18+00:00\">Mar 18, 2017 at 8:54am PDT<\/time><\/p>\n<\/div>\n<\/blockquote>\n<p><script async defer src=\"\/\/platform.instagram.com\/en_US\/embeds.js\"><\/script><\/p>\n<blockquote class=\"instagram-media\" style=\"background: #FFF; border: 0; border-radius: 3px; box-shadow: 0 0 1px 0 rgba(0,0,0,0.5),0 1px 10px 0 rgba(0,0,0,0.15); margin: 1px; max-width: 658px; padding: 0; width: calc(100% - 2px);\" data-instgrm-captioned=\"\" data-instgrm-version=\"7\">\n<div style=\"padding: 8px;\">\n<div style=\"background: #F8F8F8; line-height: 0; margin-top: 40px; padding: 50.0% 0; text-align: center; width: 100%;\"><\/div>\n<p style=\"margin: 8px 0 0 0; padding: 0 4px;\"><a style=\"color: #000; font-family: Arial,sans-serif; font-size: 14px; font-style: normal; font-weight: normal; line-height: 17px; text-decoration: none; word-wrap: break-word;\" href=\"https:\/\/www.instagram.com\/p\/BQb6i24ALnd\/\" target=\"_blank\">&#x1f4f8; @benobondfotografia<\/a><\/p>\n<p style=\"color: #c9c8cd; font-family: Arial,sans-serif; font-size: 14px; line-height: 17px; margin-bottom: 0; margin-top: 8px; overflow: hidden; padding: 8px 0 7px; text-align: center; text-overflow: ellipsis; white-space: nowrap;\">A post shared by Denise Bueno (@denisebuenomusa) on <time style=\"font-family: Arial,sans-serif; font-size: 14px; line-height: 17px;\" datetime=\"2017-02-13T03:09:37+00:00\">Feb 12, 2017 at 7:09pm PST<\/time><\/p>\n<\/div>\n<\/blockquote>\n<p><script async defer src=\"\/\/platform.instagram.com\/en_US\/embeds.js\"><\/script><\/p>\n<blockquote class=\"instagram-media\" style=\"background: #FFF; border: 0; border-radius: 3px; box-shadow: 0 0 1px 0 rgba(0,0,0,0.5),0 1px 10px 0 rgba(0,0,0,0.15); margin: 1px; max-width: 658px; padding: 0; width: calc(100% - 2px);\" data-instgrm-captioned=\"\" data-instgrm-version=\"7\">\n<div style=\"padding: 8px;\">\n<div style=\"background: #F8F8F8; line-height: 0; margin-top: 40px; padding: 56.481481481481474% 0; text-align: center; width: 100%;\"><\/div>\n<p style=\"margin: 8px 0 0 0; padding: 0 4px;\"><a style=\"color: #000; font-family: Arial,sans-serif; font-size: 14px; font-style: normal; font-weight: normal; line-height: 17px; text-decoration: none; word-wrap: break-word;\" href=\"https:\/\/www.instagram.com\/p\/BNNjSheAtRT\/\" target=\"_blank\">&#x1f47d;<\/a><\/p>\n<p style=\"color: #c9c8cd; font-family: Arial,sans-serif; font-size: 14px; line-height: 17px; margin-bottom: 0; margin-top: 8px; overflow: hidden; padding: 8px 0 7px; text-align: center; text-overflow: ellipsis; white-space: nowrap;\">A post shared by Denise Bueno (@denisebuenomusa) on <time style=\"font-family: Arial,sans-serif; font-size: 14px; line-height: 17px;\" datetime=\"2016-11-24T23:42:52+00:00\">Nov 24, 2016 at 3:42pm PST<\/time><\/p>\n<\/div>\n<\/blockquote>\n<p><script async defer src=\"\/\/platform.instagram.com\/en_US\/embeds.js\"><\/script><\/p>\n<p>S\u00edguenos en Twitter: <a href=\"http:\/\/www.twitter.com\/MXFutbolTotal\" target=\"_blank\">@MXFutbolTotal<\/a><\/p>\n","protected":false},"excerpt":{"rendered":"<p>La modelo carioca, Denise Bueno, debut\u00f3 como juez de l\u00ednea.<\/p>\n","protected":false},"author":20,"featured_media":474583,"comment_status":"closed","ping_status":"closed","sticky":false,"template":"","format":"standard","meta":[],"categories":[5419,6408,3839,3],"tags":[5460,2033],"_links":{"self":[{"href":"http:\/\/desarrollo.grupomedios.com\/futbol\/wp-json\/wp\/v2\/posts\/474581"}],"collection":[{"href":"http:\/\/desarrollo.grupomedios.com\/futbol\/wp-json\/wp\/v2\/posts"}],"about":[{"href":"http:\/\/desarrollo.grupomedios.com\/futbol\/wp-json\/wp\/v2\/types\/post"}],"author":[{"embeddable":true,"href":"http:\/\/desarrollo.grupomedios.com\/futbol\/wp-json\/wp\/v2\/users\/20"}],"replies":[{"embeddable":true,"href":"http:\/\/desarrollo.grupomedios.com\/futbol\/wp-json\/wp\/v2\/comments?post=474581"}],"version-history":[{"count":1,"href":"http:\/\/desarrollo.grupomedios.com\/futbol\/wp-json\/wp\/v2\/posts\/474581\/revisions"}],"predecessor-version":[{"id":474584,"href":"http:\/\/desarrollo.grupomedios.com\/futbol\/wp-json\/wp\/v2\/posts\/474581\/revisions\/474584"}],"wp:featuredmedia":[{"embeddable":true,"href":"http:\/\/desarrollo.grupomedios.com\/futbol\/wp-json\/wp\/v2\/media\/474583"}],"wp:attachment":[{"href":"http:\/\/desarrollo.grupomedios.com\/futbol\/wp-json\/wp\/v2\/media?parent=474581"}],"wp:term":[{"taxonomy":"category","embeddable":true,"href":"http:\/\/desarrollo.grupomedios.com\/futbol\/wp-json\/wp\/v2\/categories?post=474581"},{"taxonomy":"post_tag","embeddable":true,"href":"http:\/\/desarrollo.grupomedios.com\/futbol\/wp-json\/wp\/v2\/tags?post=474581"}],"curies":[{"name":"wp","href":"https:\/\/api.w.org\/{rel}","templated":true}]}}