{"id":474586,"date":"2017-04-18T17:13:44","date_gmt":"2017-04-18T22:13:44","guid":{"rendered":"https:\/\/www.futboltotal.com.mx\/?p=474586"},"modified":"2017-04-18T17:13:44","modified_gmt":"2017-04-18T22:13:44","slug":"carlos-hermosillo-me-gustaria-presidente-del-cruz-azul","status":"publish","type":"post","link":"http:\/\/desarrollo.grupomedios.com\/futbol\/futbol-mexicano\/carlos-hermosillo-me-gustaria-presidente-del-cruz-azul\/2017\/04","title":{"rendered":"Carlos Hermosillo: &#8220;S\u00ed, me gustar\u00eda ser presidente del Cruz Azul&#8221;"},"content":{"rendered":"<p>Ante la ola de malas decisiones y resultados adversos que sigue acechando al <strong>Cruz Azul<\/strong>, ex figuras del equipo como <strong>Carlos Hermosillo<\/strong> se atreven no s\u00f3lo a criticar al equipo, tambi\u00e9n a alzar la mano para ayudar al club, incluso como presidente, en uno de sus momentos m\u00e1s oscuros.<\/p>\n<p>&#8220;A m\u00ed me encantar\u00eda (ser presidente de Cruz Azul)&#8230; lo veo muy dif\u00edcil porque por el momento no soy muy querido por el promotor y creo que por el presidente&#8221;, confes\u00f3 el otrora goleador.<\/p>\n<p style=\"text-align: center;\"><span style=\"color: #003366;\"><a style=\"color: #003366;\" href=\"https:\/\/www.futboltotal.com.mx\/2017\/04\/cruz-azul-bloquea-parejo-le-toco-a-carlos-hermosillo\/\">VER M\u00c1S: Cruz Azul no se aguant\u00f3 y&#8230; \u00a1bloque\u00f3 en Twitter a Hermosillo!<\/a><\/span><\/p>\n<p>El llamado <em>Grandote de Cerro Azul<\/em> ha sido sumamente cr\u00edtico con <em>La M\u00e1quina<\/em>, tanto en su toma de decisiones como en las personas que han llegado para hundir m\u00e1s a los <em>Cementeros<\/em>, pues es uno de los referentes a los que m\u00e1s le duele la realidad cruzazulina.<\/p>\n<p>&#8220;Las personas que manejan esta instituci\u00f3n est\u00e1n destruyendo la imagen, porque es lamentable que llevemos seis campa\u00f1as, ya no hablemos de que sean campeones, de no entrar a la Liguilla, de que siempre nos ganen en los \u00faltimos minutos, de que no tengan continuidad, de que vayan y vengan t\u00e9cnicos y jugadores, directores deportivos&#8221;, agreg\u00f3 en entrevista para Radio F\u00f3rmula.<\/p>\n<p class=\"p1\"><span class=\"s1\"><b>S\u00edguenos en Twitter<\/b>:\u00a0<a href=\"https:\/\/twitter.com\/MXFutbolTotal\"><span class=\"s2\">@MXFutbolTotal<\/span><\/a><\/span><\/p>\n","protected":false},"excerpt":{"rendered":"<p>El llamado Grandote de Cerro Azul ha sido sumamente cr\u00edtico con La M\u00e1quina.<\/p>\n","protected":false},"author":20,"featured_media":474621,"comment_status":"closed","ping_status":"closed","sticky":false,"template":"","format":"standard","meta":[],"categories":[2198,3845],"tags":[1660,7732,5962,8245,271,64],"_links":{"self":[{"href":"http:\/\/desarrollo.grupomedios.com\/futbol\/wp-json\/wp\/v2\/posts\/474586"}],"collection":[{"href":"http:\/\/desarrollo.grupomedios.com\/futbol\/wp-json\/wp\/v2\/posts"}],"about":[{"href":"http:\/\/desarrollo.grupomedios.com\/futbol\/wp-json\/wp\/v2\/types\/post"}],"author":[{"embeddable":true,"href":"http:\/\/desarrollo.grupomedios.com\/futbol\/wp-json\/wp\/v2\/users\/20"}],"replies":[{"embeddable":true,"href":"http:\/\/desarrollo.grupomedios.com\/futbol\/wp-json\/wp\/v2\/comments?post=474586"}],"version-history":[{"count":2,"href":"http:\/\/desarrollo.grupomedios.com\/futbol\/wp-json\/wp\/v2\/posts\/474586\/revisions"}],"predecessor-version":[{"id":474624,"href":"http:\/\/desarrollo.grupomedios.com\/futbol\/wp-json\/wp\/v2\/posts\/474586\/revisions\/474624"}],"wp:featuredmedia":[{"embeddable":true,"href":"http:\/\/desarrollo.grupomedios.com\/futbol\/wp-json\/wp\/v2\/media\/474621"}],"wp:attachment":[{"href":"http:\/\/desarrollo.grupomedios.com\/futbol\/wp-json\/wp\/v2\/media?parent=474586"}],"wp:term":[{"taxonomy":"category","embeddable":true,"href":"http:\/\/desarrollo.grupomedios.com\/futbol\/wp-json\/wp\/v2\/categories?post=474586"},{"taxonomy":"post_tag","embeddable":true,"href":"http:\/\/desarrollo.grupomedios.com\/futbol\/wp-json\/wp\/v2\/tags?post=474586"}],"curies":[{"name":"wp","href":"https:\/\/api.w.org\/{rel}","templated":true}]}}