{"id":474612,"date":"2017-04-18T16:40:31","date_gmt":"2017-04-18T21:40:31","guid":{"rendered":"https:\/\/www.futboltotal.com.mx\/?p=474612"},"modified":"2017-04-18T20:23:03","modified_gmt":"2017-04-19T01:23:03","slug":"cristiano-rey-del-gol-en-europa","status":"publish","type":"post","link":"http:\/\/desarrollo.grupomedios.com\/futbol\/destacado-home\/cristiano-rey-del-gol-en-europa\/2017\/04","title":{"rendered":"\u00a1Cristiano, el rey del gol en Europa!"},"content":{"rendered":"<p>Apareci\u00f3 para convertirse en la bestia negra del Bayern M\u00fanich y el h\u00e9roe infinito del Real Madrid. Con un <em>Hat-Trick<\/em> perfecto, <strong>Cristiano Ronaldo<\/strong> extermin\u00f3 a los alemanes y escribi\u00f3 un hito en la UEFA Champions League: convertirse en el primer jugador que alcanza el centenar de goles.<\/p>\n<p>Despu\u00e9s de una eliminatoria m\u00e1gica y tras ser vitoreado por la grada del Bernab\u00e9u, el delantero portugu\u00e9s, quien marc\u00f3 5 de los seis goles que eliminaron al Bayern en los Cuartos de Final, mand\u00f3 un claro mensaje a la afici\u00f3n del Real Madrid.<\/p>\n<blockquote><p>&#8220;Yo s\u00f3lo pido que no me silben aqu\u00ed, es lo \u00fanico que pido, calles y eso no, jam\u00e1s. Lo \u00fanico que pido es que no me silben, porque yo doy siempre lo mejor y cuando no hago goles, intento trabajar y ayudar al Real Madrid&#8221;, se\u00f1al\u00f3 Ronaldo en declaraciones a Antena 3.<\/p><\/blockquote>\n<p style=\"text-align: center;\"><span style=\"color: #3366ff;\">VER M\u00c1S: Todas las noticias de f\u00fatbol internacional<\/span><\/p>\n<blockquote class=\"twitter-tweet\" data-lang=\"es\">\n<p dir=\"ltr\" lang=\"es\">\u00a1&#x1f4af; goles en la UEFA Champions League!<br \/>\nUn nuevo r\u00e9cord en la carrera de <a href=\"https:\/\/twitter.com\/Cristiano\">@Cristiano<\/a> Ronaldo, goleador del <a href=\"https:\/\/twitter.com\/realmadrid\">@realmadrid<\/a>. &#x1f44f;&#x1f44f;&#x1f44f;<a href=\"https:\/\/twitter.com\/hashtag\/UCL?src=hash\">#UCL<\/a> <a href=\"https:\/\/t.co\/C81iGCXGG2\">pic.twitter.com\/C81iGCXGG2<\/a><\/p>\n<p>\u2014 Liga de Campeones (@LigadeCampeones) <a href=\"https:\/\/twitter.com\/LigadeCampeones\/status\/854449743333904385\">18 de abril de 2017<\/a><\/p><\/blockquote>\n<p><script async src=\"\/\/platform.twitter.com\/widgets.js\" charset=\"utf-8\"><\/script><\/p>\n<blockquote><p>&#8220;Me quedo con las cosas positivas. Jugamos muy bien, el equipo jug\u00f3 muy bien y obviamente que estoy muy contento por marcar tres goles&#8221;, a\u00f1adi\u00f3 el jugador portugu\u00e9s.<\/p><\/blockquote>\n<p><strong>Cristiano Ronaldo\u00a0<\/strong>asegur\u00f3 que pese al sufrimiento vivido ante el conjunto alem\u00e1n, que cay\u00f3 en la pr\u00f3rroga, el Real Madrid fue el &#8220;justo vencedor&#8221; de la eliminatoria.<\/p>\n<blockquote><p>&#8220;No tengo dudas, claro que el Real Madrid fue mejor. Hacer seis goles a un equipo como el Bayern no es f\u00e1cil y merecimos pasar a las semifinales. El equipo ha jugado muy bien, el equipo ha estado estupendo, supimos sufrir y somos justos vencedores&#8221;, asegur\u00f3 Ronaldo.<\/p><\/blockquote>\n<p>En este sentido, Cristiano Ronaldo insisti\u00f3 en la capacidad de sufrimiento que tuvo el Real Madrid para doblegar a un Bayerm de M\u00fanich, al que no dud\u00f3 en calificar de un &#8220;excelente equipo&#8221;.<\/p>\n<blockquote><p>&#8220;Sab\u00edamos que o jug\u00e1bamos muy bien o si no, el Bayern es un equipo que puede hacer goles en cualquier campo. Demostr\u00f3 que es un excelente equipo. En la primera parte tuvimos muchas oportunidades y pudimos marcar uno o dos goles, en la segunda tambi\u00e9n, pero concedimos dos goles, pero el Real Madrid est\u00e1 acostumbrado a sufrir y al final ganamos. Estamos muy contentos&#8221;, concluy\u00f3 Ronaldo.<\/p><\/blockquote>\n","protected":false},"excerpt":{"rendered":"<p>Con un hat-trick perfecto, CR7 mat\u00f3 al Bayern M\u00fanich y alcanz\u00f3 los 100 goles en la UEFA Champions League. <\/p>\n","protected":false},"author":20,"featured_media":474630,"comment_status":"closed","ping_status":"closed","sticky":false,"template":"","format":"standard","meta":[],"categories":[3841,5,3839],"tags":[36,6013,5988],"_links":{"self":[{"href":"http:\/\/desarrollo.grupomedios.com\/futbol\/wp-json\/wp\/v2\/posts\/474612"}],"collection":[{"href":"http:\/\/desarrollo.grupomedios.com\/futbol\/wp-json\/wp\/v2\/posts"}],"about":[{"href":"http:\/\/desarrollo.grupomedios.com\/futbol\/wp-json\/wp\/v2\/types\/post"}],"author":[{"embeddable":true,"href":"http:\/\/desarrollo.grupomedios.com\/futbol\/wp-json\/wp\/v2\/users\/20"}],"replies":[{"embeddable":true,"href":"http:\/\/desarrollo.grupomedios.com\/futbol\/wp-json\/wp\/v2\/comments?post=474612"}],"version-history":[{"count":2,"href":"http:\/\/desarrollo.grupomedios.com\/futbol\/wp-json\/wp\/v2\/posts\/474612\/revisions"}],"predecessor-version":[{"id":474657,"href":"http:\/\/desarrollo.grupomedios.com\/futbol\/wp-json\/wp\/v2\/posts\/474612\/revisions\/474657"}],"wp:featuredmedia":[{"embeddable":true,"href":"http:\/\/desarrollo.grupomedios.com\/futbol\/wp-json\/wp\/v2\/media\/474630"}],"wp:attachment":[{"href":"http:\/\/desarrollo.grupomedios.com\/futbol\/wp-json\/wp\/v2\/media?parent=474612"}],"wp:term":[{"taxonomy":"category","embeddable":true,"href":"http:\/\/desarrollo.grupomedios.com\/futbol\/wp-json\/wp\/v2\/categories?post=474612"},{"taxonomy":"post_tag","embeddable":true,"href":"http:\/\/desarrollo.grupomedios.com\/futbol\/wp-json\/wp\/v2\/tags?post=474612"}],"curies":[{"name":"wp","href":"https:\/\/api.w.org\/{rel}","templated":true}]}}