{"id":474616,"date":"2017-04-18T17:12:22","date_gmt":"2017-04-18T22:12:22","guid":{"rendered":"https:\/\/www.futboltotal.com.mx\/?p=474616"},"modified":"2017-04-18T17:12:22","modified_gmt":"2017-04-18T22:12:22","slug":"chivas-recupera-a-brizuela-final-copa-mx","status":"publish","type":"post","link":"http:\/\/desarrollo.grupomedios.com\/futbol\/futbol-mexicano\/chivas-recupera-a-brizuela-final-copa-mx\/2017\/04","title":{"rendered":"\u00a1\u00bfChivas recupera a Brizuela para final de Copa MX?!"},"content":{"rendered":"<p><strong>Isaac Brizuela<\/strong> fue convocado por Mat\u00edas Almeyda, para el juego de la final de Copa MX, a celebrarse el pr\u00f3ximo mi\u00e9rcoles 19 de abril, en el estadio Chivas. El delantero rojiblanco a\u00fan se encuentra en proceso de rehabilitaci\u00f3n; sin embargo, <em>el Pelado<\/em> consider\u00f3 que deb\u00eda de presenciar el juego.<\/p>\n<p>Carlos Cisneros, quien tambi\u00e9n se encuentra recuper\u00e1ndose de una lesi\u00f3n en la tibia izquierda, fue considerado de igual forma por Mat\u00edas Almeyda, en la convocatoria para el duelo ante el Morelia. Todo indica que el Pelado espera lograr el t\u00edtulo, para tener a todos sus hombres, festejando el campeonato de Copa MX.<\/p>\n<p style=\"text-align: center;\"><span style=\"color: #3366ff;\"><a style=\"color: #3366ff;\" href=\"https:\/\/www.futboltotal.com.mx\/2017\/04\/higuera-ofendio-a-jose-ramon-a-faitelson-en-plena-transmision\/\" target=\"_blank\"><strong>LEER M\u00c1S: Jos\u00e9 Luis Higuera ofende a Joserra en plena transmisi\u00f3n<\/strong><\/a><\/span><\/p>\n<blockquote class=\"twitter-video\" data-lang=\"es\">\n<p dir=\"ltr\" lang=\"es\">\u00a1Pintemos la <a href=\"https:\/\/twitter.com\/hashtag\/FinalCopaMX?src=hash\">#FinalCopaMX<\/a> con nuestros colores! &#x1f535;\u26aa\ufe0f&#x1f534; Descarga la APP, encuentra el Modo Reba\u00f1o y <a href=\"https:\/\/twitter.com\/hashtag\/Act%C3%ADvaloAl12?src=hash\">#Act\u00edvaloAl12<\/a> &#x1f449;<a href=\"https:\/\/t.co\/S7vyBiUNUA\">https:\/\/t.co\/S7vyBiUNUA<\/a> <a href=\"https:\/\/t.co\/u4ZR91f0HP\">pic.twitter.com\/u4ZR91f0HP<\/a><\/p>\n<p>\u2014 CHIVAS (@Chivas) <a href=\"https:\/\/twitter.com\/Chivas\/status\/854172941042327552\">18 de abril de 2017<\/a><\/p><\/blockquote>\n<p><script async src=\"\/\/platform.twitter.com\/widgets.js\" charset=\"utf-8\"><\/script><br \/>\n&#8220;Mat\u00edas Almeyda\u00a0consider\u00f3 a 27 jugadores para integrar la escuadra con la que buscar\u00e1 conquistar el cuarto cetro de esta competencia\u00a0en la historia del\u00a0R<em>eba\u00f1o Sagrado<\/em>\u201d, indic\u00f3 Chivas, en comunicado.<\/p>\n<p>Porteros:\u00a0\u00a0Rodolfo Cota, Miguel Jim\u00e9nez.<\/p>\n<p>Defensas:\u00a0Miguel Basulto, Edwin Hern\u00e1ndez, Oswaldo Alan\u00eds, Jair Pereira, Carlos Salcido, Jes\u00fas S\u00e1nchez, Hedgardo Mar\u00edn, Miguel Ponce.<\/p>\n<p>Mediocampistas:\u00a0Eduardo L\u00f3pez, N\u00e9stor Calder\u00f3n, Jos\u00e9 Juan V\u00e1zquez, Michael P\u00e9rez, Carlos Cisneros, Orbel\u00edn Pineda, Rodolfo Pizarro, Edson Torres, Alejandro Zendejas, Josu\u00e9 L\u00e1zaro, Mauro Contreras, Isaac Brizuela.<\/p>\n<p>Delanteros:\u00a0Carlos Fierro, Guillermo Mart\u00ednez, \u00c1ngel Zald\u00edvar, Alan Pulido, Michelle Ben\u00edtez.<\/p>\n<blockquote class=\"twitter-tweet\" data-lang=\"es\">\n<p dir=\"ltr\" lang=\"es\">\u00a1Por otro t\u00edtulo, Rojiblancos! &#x1f4aa;&#x1f1e6;&#x1f1f9; Ellos son los convocados por Mat\u00edas a la <a href=\"https:\/\/twitter.com\/hashtag\/FinalCopaMX?src=hash\">#FinalCopaMX<\/a> &#x1f449;<a href=\"https:\/\/t.co\/9fKlN62ePv\">https:\/\/t.co\/9fKlN62ePv<\/a> <a href=\"https:\/\/t.co\/G9Naiz0beN\">pic.twitter.com\/G9Naiz0beN<\/a><\/p>\n<p>\u2014 CHIVAS (@Chivas) <a href=\"https:\/\/twitter.com\/Chivas\/status\/854421784443191296\">18 de abril de 2017<\/a><\/p><\/blockquote>\n<p><script async src=\"\/\/platform.twitter.com\/widgets.js\" charset=\"utf-8\"><\/script><\/p>\n<p>S\u00edguenos en Twitter: <a href=\"http:\/\/www.twitter.com\/MXFutbolTotal\" target=\"_blank\">@MXFutbolTotal<\/a><\/p>\n","protected":false},"excerpt":{"rendered":"<p>El Conejo fue convocado para el duelo por el t\u00edtulo ante Morelia.<\/p>\n","protected":false},"author":20,"featured_media":474619,"comment_status":"closed","ping_status":"closed","sticky":false,"template":"","format":"standard","meta":[],"categories":[4247,2198],"tags":[70,285,5967],"_links":{"self":[{"href":"http:\/\/desarrollo.grupomedios.com\/futbol\/wp-json\/wp\/v2\/posts\/474616"}],"collection":[{"href":"http:\/\/desarrollo.grupomedios.com\/futbol\/wp-json\/wp\/v2\/posts"}],"about":[{"href":"http:\/\/desarrollo.grupomedios.com\/futbol\/wp-json\/wp\/v2\/types\/post"}],"author":[{"embeddable":true,"href":"http:\/\/desarrollo.grupomedios.com\/futbol\/wp-json\/wp\/v2\/users\/20"}],"replies":[{"embeddable":true,"href":"http:\/\/desarrollo.grupomedios.com\/futbol\/wp-json\/wp\/v2\/comments?post=474616"}],"version-history":[{"count":1,"href":"http:\/\/desarrollo.grupomedios.com\/futbol\/wp-json\/wp\/v2\/posts\/474616\/revisions"}],"predecessor-version":[{"id":474620,"href":"http:\/\/desarrollo.grupomedios.com\/futbol\/wp-json\/wp\/v2\/posts\/474616\/revisions\/474620"}],"wp:featuredmedia":[{"embeddable":true,"href":"http:\/\/desarrollo.grupomedios.com\/futbol\/wp-json\/wp\/v2\/media\/474619"}],"wp:attachment":[{"href":"http:\/\/desarrollo.grupomedios.com\/futbol\/wp-json\/wp\/v2\/media?parent=474616"}],"wp:term":[{"taxonomy":"category","embeddable":true,"href":"http:\/\/desarrollo.grupomedios.com\/futbol\/wp-json\/wp\/v2\/categories?post=474616"},{"taxonomy":"post_tag","embeddable":true,"href":"http:\/\/desarrollo.grupomedios.com\/futbol\/wp-json\/wp\/v2\/tags?post=474616"}],"curies":[{"name":"wp","href":"https:\/\/api.w.org\/{rel}","templated":true}]}}