{"id":474644,"date":"2017-04-18T19:06:03","date_gmt":"2017-04-19T00:06:03","guid":{"rendered":"https:\/\/www.futboltotal.com.mx\/?p=474644"},"modified":"2017-04-20T13:24:01","modified_gmt":"2017-04-20T18:24:01","slug":"tecatito-corona-en-la-orbita-del-borussia-dortmund","status":"publish","type":"post","link":"http:\/\/desarrollo.grupomedios.com\/futbol\/futbol-internacional\/tecatito-corona-en-la-orbita-del-borussia-dortmund\/2017\/04","title":{"rendered":"Tecatito Corona, en la \u00f3rbita del Borussia Dortmund"},"content":{"rendered":"<p>El delantero mexicano, <strong>Jes\u00fas <em>el Tecatito<\/em> Corona<\/strong>, vuelve a sonar en la mira del club de la Bundesliga, <strong>Borussia Dortmund<\/strong>, as\u00ed lo destacaron medios alemanes, quienes afirman que esta vez, el atacante tiene m\u00e1s posibilidades de ser fichado.<\/p>\n<p>De acuerdo al portal <em>Bild<\/em>, <strong>Borussia Dortmund<\/strong> ya se acerc\u00f3 al Porto para entablar pl\u00e1ticas sobre el traspaso del <strong>Tecatito<\/strong>, para que de esta forma el delantero mexicano ascienda a un nivel mayor de competencia, y en un club de trascendencia en la Bundesliga.<\/p>\n<p style=\"text-align: center;\"><span style=\"color: #3366ff;\"><a style=\"color: #3366ff;\" href=\"https:\/\/www.futboltotal.com.mx\/2017\/04\/comentarista-espn-pide-al-real-madrid-que-deje-de-robar\/\" target=\"_blank\"><strong>LEER M\u00c1S: Ex futbolista arremete contra el Real Madrid por pol\u00e9micas arbitrales<\/strong><\/a><\/span><\/p>\n<p><strong>Tecatito Corona<\/strong> ya hab\u00eda sido apuntado en la mira del Borussia Dortmund, en 2013, por el mismo portal alem\u00e1n; sin embargo, la ocasi\u00f3n anterior hab\u00eda tenido una posibilidad menor, para ser fichado. Cabe destacar que ese a\u00f1o fue cuando el mexicano lleg\u00f3 al futbol europeo, para militar en el Twente de Holanda.<\/p>\n<p><strong>S\u00edguenos en Twitter<\/strong>: <a href=\"https:\/\/twitter.com\/MXFutbolTotal\" target=\"_blank\">@MXFutbolTotal<\/a><\/p>\n","protected":false},"excerpt":{"rendered":"<p>El mexicano vuelve a estar en la mira del club alem\u00e1n.<\/p>\n","protected":false},"author":20,"featured_media":474645,"comment_status":"closed","ping_status":"closed","sticky":false,"template":"","format":"standard","meta":[],"categories":[7740,3839,6718],"tags":[6047,6214,7179],"_links":{"self":[{"href":"http:\/\/desarrollo.grupomedios.com\/futbol\/wp-json\/wp\/v2\/posts\/474644"}],"collection":[{"href":"http:\/\/desarrollo.grupomedios.com\/futbol\/wp-json\/wp\/v2\/posts"}],"about":[{"href":"http:\/\/desarrollo.grupomedios.com\/futbol\/wp-json\/wp\/v2\/types\/post"}],"author":[{"embeddable":true,"href":"http:\/\/desarrollo.grupomedios.com\/futbol\/wp-json\/wp\/v2\/users\/20"}],"replies":[{"embeddable":true,"href":"http:\/\/desarrollo.grupomedios.com\/futbol\/wp-json\/wp\/v2\/comments?post=474644"}],"version-history":[{"count":1,"href":"http:\/\/desarrollo.grupomedios.com\/futbol\/wp-json\/wp\/v2\/posts\/474644\/revisions"}],"predecessor-version":[{"id":474646,"href":"http:\/\/desarrollo.grupomedios.com\/futbol\/wp-json\/wp\/v2\/posts\/474644\/revisions\/474646"}],"wp:featuredmedia":[{"embeddable":true,"href":"http:\/\/desarrollo.grupomedios.com\/futbol\/wp-json\/wp\/v2\/media\/474645"}],"wp:attachment":[{"href":"http:\/\/desarrollo.grupomedios.com\/futbol\/wp-json\/wp\/v2\/media?parent=474644"}],"wp:term":[{"taxonomy":"category","embeddable":true,"href":"http:\/\/desarrollo.grupomedios.com\/futbol\/wp-json\/wp\/v2\/categories?post=474644"},{"taxonomy":"post_tag","embeddable":true,"href":"http:\/\/desarrollo.grupomedios.com\/futbol\/wp-json\/wp\/v2\/tags?post=474644"}],"curies":[{"name":"wp","href":"https:\/\/api.w.org\/{rel}","templated":true}]}}