{"id":474704,"date":"2017-04-19T10:20:35","date_gmt":"2017-04-19T15:20:35","guid":{"rendered":"https:\/\/www.futboltotal.com.mx\/?p=474704"},"modified":"2017-04-19T10:20:35","modified_gmt":"2017-04-19T15:20:35","slug":"adidas-futbol-total-te-regalan-balon-oficial-champions-league","status":"publish","type":"post","link":"http:\/\/desarrollo.grupomedios.com\/futbol\/promociones\/adidas-futbol-total-te-regalan-balon-oficial-champions-league\/2017\/04","title":{"rendered":"Adidas y Futbol Total te regalan el bal\u00f3n oficial de Champions League"},"content":{"rendered":"<p>La emoci\u00f3n de la\u00a0<strong>Champions\u00a0League<\/strong>\u00a0ya se vive\u00a0con gran pasi\u00f3n en la ronda de cuartos de final.\u00a0Por ello, <strong>Futbol Total<\/strong>\u00a0en conjunto con\u00a0<strong>adidas<\/strong> te\u00a0tenemos regalos: 1 <strong>bal\u00f3n oficial de la UEFA Champions League.<\/strong><\/p>\n<p><strong>BASES:<\/strong><\/p>\n<p>Para\u00a0participar es necesario que&#8230;<\/p>\n<p>\u2013 Sigas en <strong>Facebook<\/strong> a <a href=\"https:\/\/www.facebook.com\/futboltotalmexico\/\">@futboltotalmexico<\/a>\u00a0y<em>\u00a0<\/em>en <strong>Twitter<\/strong>\u00a0a\u00a0<a href=\"https:\/\/twitter.com\/MXFutbolTotal\">@MXfutboltotal<\/a> \u00a0y <a href=\"https:\/\/twitter.com\/adidasMX\">@adidasMX<\/a>\u00a0(debes mandarnos screenshot\/capturas de pantalla de cada uno).<\/p>\n<p>\u2013 Compartir\/dar RT a la promoci\u00f3n (debes mandarnos screenshot\/capturas de pantalla de cada uno).<\/p>\n<p>\u2013\u00a0Decirnos qui\u00e9nes ser\u00e1n los dos \u00faltimos equipos que avanzar\u00e1n a semifinales este mi\u00e9rcoles 19 de abril (los cuales saldr\u00e1n de los duelos <strong>Barcelona<\/strong> vs. <strong>Juventus<\/strong> y <strong>M\u00f3naco<\/strong> vs. <strong>Borussia Dortmund<\/strong>).<\/p>\n<p>Manda las capturas de pantalla al mail: <strong>futboltotal@futboltotal.com.mx<\/strong> con asunto \u201c<strong>BAL\u00d3N\u00a0CHAMPIONS LEAGUE<\/strong>\u201d. El mensaje deber\u00e1 estar acompa\u00f1ado del\u00a0nombre completo del participante, as\u00ed como las capturas de pantalla y su pron\u00f3stico.<\/p>\n<p>\u2013 El pron\u00f3stico que cumpla con todos los requisitos ser\u00e1 el ganador de<strong>\u00a01 bal\u00f3n<\/strong>.<\/p>\n<p>\u2013 S\u00f3lo se tomar\u00e1n en cuenta pron\u00f3sticos recibidos hasta antes del mi\u00e9rcoles 19\u00a0de abril antes de las 13:45 horas.<\/p>\n<p>El\u00a0<strong>equipo de Futbol Total<\/strong>\u00a0se comunicar\u00e1 con el ganador, quien deber\u00e1 recoger su premio\u00a0en las oficinas de Futbol Total, ubicadas en la Ciudad de M\u00e9xico. La entrega del premio ser\u00e1 del jueves 20\u00a0al viernes 21 de abril,\u00a0en horario de 10:00 a 15:00 horas. Indispensable presentar original y copia de identificaci\u00f3n oficial.<\/p>\n<p>\u00a1Mucha suerte\u00a0<em>cracks<\/em>!<\/p>\n","protected":false},"excerpt":{"rendered":"<p>Futbol Total y adidas te tenemos regalos: 1 bal\u00f3n oficial de la UEFA Champions League.<\/p>\n","protected":false},"author":20,"featured_media":474709,"comment_status":"closed","ping_status":"closed","sticky":false,"template":"","format":"standard","meta":[],"categories":[5419,60],"tags":[1560,36,1530],"_links":{"self":[{"href":"http:\/\/desarrollo.grupomedios.com\/futbol\/wp-json\/wp\/v2\/posts\/474704"}],"collection":[{"href":"http:\/\/desarrollo.grupomedios.com\/futbol\/wp-json\/wp\/v2\/posts"}],"about":[{"href":"http:\/\/desarrollo.grupomedios.com\/futbol\/wp-json\/wp\/v2\/types\/post"}],"author":[{"embeddable":true,"href":"http:\/\/desarrollo.grupomedios.com\/futbol\/wp-json\/wp\/v2\/users\/20"}],"replies":[{"embeddable":true,"href":"http:\/\/desarrollo.grupomedios.com\/futbol\/wp-json\/wp\/v2\/comments?post=474704"}],"version-history":[{"count":1,"href":"http:\/\/desarrollo.grupomedios.com\/futbol\/wp-json\/wp\/v2\/posts\/474704\/revisions"}],"predecessor-version":[{"id":474713,"href":"http:\/\/desarrollo.grupomedios.com\/futbol\/wp-json\/wp\/v2\/posts\/474704\/revisions\/474713"}],"wp:featuredmedia":[{"embeddable":true,"href":"http:\/\/desarrollo.grupomedios.com\/futbol\/wp-json\/wp\/v2\/media\/474709"}],"wp:attachment":[{"href":"http:\/\/desarrollo.grupomedios.com\/futbol\/wp-json\/wp\/v2\/media?parent=474704"}],"wp:term":[{"taxonomy":"category","embeddable":true,"href":"http:\/\/desarrollo.grupomedios.com\/futbol\/wp-json\/wp\/v2\/categories?post=474704"},{"taxonomy":"post_tag","embeddable":true,"href":"http:\/\/desarrollo.grupomedios.com\/futbol\/wp-json\/wp\/v2\/tags?post=474704"}],"curies":[{"name":"wp","href":"https:\/\/api.w.org\/{rel}","templated":true}]}}