{"id":474736,"date":"2017-04-19T12:35:41","date_gmt":"2017-04-19T17:35:41","guid":{"rendered":"https:\/\/www.futboltotal.com.mx\/?p=474736"},"modified":"2017-04-19T12:35:41","modified_gmt":"2017-04-19T17:35:41","slug":"uefa-excluye-al-lyon-besiktas-las-proximas-competiciones-europeas","status":"publish","type":"post","link":"http:\/\/desarrollo.grupomedios.com\/futbol\/futbol-internacional\/uefa-excluye-al-lyon-besiktas-las-proximas-competiciones-europeas\/2017\/04","title":{"rendered":"UEFA excluye al Lyon y Besiktas de las pr\u00f3ximas competiciones europeas"},"content":{"rendered":"<p>La comisi\u00f3n de disciplina de la UEFA acord\u00f3 hoy castigar al Olympique Lyon y al Besiktas con su exclusi\u00f3n de la pr\u00f3xima competici\u00f3n europea para la que se clasifiquen, tras los incidentes ocurridos en el estadio del equipo franc\u00e9s en el partido de Liga Europa jugado entre ambos el 13 de abril (2-1).<\/p>\n<p>Ese d\u00eda, en la ida de los cuartos de final de la Liga Europa, en el Parque Ol\u00edmpico de Lyon, el terreno de juego fue invadido y posteriormente desalojado por las fuerzas del orden despu\u00e9s de una pelea entre aficionados del equipo local y del Besiktas, que oblig\u00f3 a retrasar el inicio del encuentro 45 minutos.<\/p>\n<p>Poco antes del partido, en los alrededores del estadio, se registraron peleas entre aficionados turcos y franceses, y entre hinchas del Besiktas y las fuerzas del orden<\/p>\n<p>La UEFA abri\u00f3 al d\u00eda siguiente un procedimiento disciplinario contra ambos clubes.<\/p>\n<blockquote class=\"twitter-tweet\" data-lang=\"es\">\n<p dir=\"ltr\" lang=\"tr\">Be\u015fikta\u015f are unbeaten in 8 European home games (W3 D5). &#x1f4aa; <a href=\"https:\/\/twitter.com\/hashtag\/UEL?src=hash\">#UEL<\/a> <a href=\"https:\/\/t.co\/Rv2F2oB6oJ\">pic.twitter.com\/Rv2F2oB6oJ<\/a><\/p>\n<p>\u2014 UEFA Europa League (@EuropaLeague) <a href=\"https:\/\/twitter.com\/EuropaLeague\/status\/853982767717240838\">17 de abril de 2017<\/a><\/p><\/blockquote>\n<p><script async src=\"\/\/platform.twitter.com\/widgets.js\" charset=\"utf-8\"><\/script><\/p>\n<p>Seg\u00fan inform\u00f3 entonces la UEFA, al club franc\u00e9s se le acus\u00f3 de permitir bengalas en el estadio y de autorizar la presencia de aficionados en las escaleras de las gradas, lo que bloque\u00f3 las salidas.<\/p>\n<p>Asimismo, imput\u00f3 al Lyon de una &#8220;organizaci\u00f3n insuficiente&#8221;, especialmente evidente en la separaci\u00f3n de ambas hinchadas.<\/p>\n<p>La UEFA le achac\u00f3 deficiencias en la seguridad por la invasi\u00f3n de campo de los aficionados despu\u00e9s del segundo gol del Lyon.<\/p>\n<p style=\"text-align: center;\">\n<p style=\"text-align: center;\"><span style=\"color: #3366ff;\"><a style=\"color: #3366ff;\" href=\"https:\/\/www.futboltotal.com.mx\/2017\/04\/te-acuerdas-polemicas-clasificaciones-del-barcelona-en-champions\/\">LEER M\u00c1S: \u00bfTe acuerdas de\u2026? Pol\u00e9micas clasificaciones del Bar\u00e7a en Champions<\/a><\/span><\/p>\n<p>El m\u00e1ximo organismo futbol\u00edstico europeo llam\u00f3 la atenci\u00f3n al Besiktas por los disturbios provocados por sus seguidores en el partido y le abri\u00f3 un expediente porque su afici\u00f3n introdujo bengalas al estadio, adem\u00e1s de lanzar objetos al terreno de juego.<\/p>\n<blockquote class=\"twitter-video\" data-lang=\"es\">\n<p dir=\"ltr\" lang=\"tr\">Olympique Lyon-Be\u015fikta\u015f ma\u00e7\u0131,<br \/>\nLyon taraftarlar\u0131n\u0131n sahaya girmesi nedeniyle 45 dakikal\u0131k gecikmeyle ba\u015flad\u0131<a href=\"https:\/\/t.co\/0b7608Z7m2\">pic.twitter.com\/0b7608Z7m2<\/a><\/p>\n<p>\u2014 Malik Ejder (@Malikejder47) <a href=\"https:\/\/twitter.com\/Malikejder47\/status\/852611474472218625\">13 de abril de 2017<\/a><\/p><\/blockquote>\n<p><script async src=\"\/\/platform.twitter.com\/widgets.js\" charset=\"utf-8\"><\/script><\/p>\n<p>El Comit\u00e9 de Control, \u00c9tica y Disciplina de la UEFA (CEDB) considera que, &#8220;en base a los informes oficiales y las pruebas disponibles actualmente a disposici\u00f3n de los \u00f3rganos disciplinarios de la UEFA&#8221;, los aficionados de ambos clubes son responsables de los incidentes.<\/p>\n<p>Por ello, decidi\u00f3 hoy excluir al Olympique de Lyon y al Besiktas de participar en la pr\u00f3xima competici\u00f3n para la que se clasifiquen en un periodo de dos temporadas. Adem\u00e1s, ambos clubes han sido multados con 100.000 euros.<\/p>\n<p>Ambos equipos deben enfrentarse este mismo jueves, en la vuelta de los cuartos de final de la Liga Europa, en partido que se jugar\u00e1 en el Besiktas Arena de Estambul, a las 21.05 CET (19.05 GMT). EFE<\/p>\n","protected":false},"excerpt":{"rendered":"<p>Lyon permiti\u00f3 las bengalas en su campo.<\/p>\n","protected":false},"author":144,"featured_media":474744,"comment_status":"closed","ping_status":"closed","sticky":false,"template":"","format":"standard","meta":[],"categories":[3839],"tags":[5773,516,944],"_links":{"self":[{"href":"http:\/\/desarrollo.grupomedios.com\/futbol\/wp-json\/wp\/v2\/posts\/474736"}],"collection":[{"href":"http:\/\/desarrollo.grupomedios.com\/futbol\/wp-json\/wp\/v2\/posts"}],"about":[{"href":"http:\/\/desarrollo.grupomedios.com\/futbol\/wp-json\/wp\/v2\/types\/post"}],"author":[{"embeddable":true,"href":"http:\/\/desarrollo.grupomedios.com\/futbol\/wp-json\/wp\/v2\/users\/144"}],"replies":[{"embeddable":true,"href":"http:\/\/desarrollo.grupomedios.com\/futbol\/wp-json\/wp\/v2\/comments?post=474736"}],"version-history":[{"count":1,"href":"http:\/\/desarrollo.grupomedios.com\/futbol\/wp-json\/wp\/v2\/posts\/474736\/revisions"}],"predecessor-version":[{"id":474746,"href":"http:\/\/desarrollo.grupomedios.com\/futbol\/wp-json\/wp\/v2\/posts\/474736\/revisions\/474746"}],"wp:featuredmedia":[{"embeddable":true,"href":"http:\/\/desarrollo.grupomedios.com\/futbol\/wp-json\/wp\/v2\/media\/474744"}],"wp:attachment":[{"href":"http:\/\/desarrollo.grupomedios.com\/futbol\/wp-json\/wp\/v2\/media?parent=474736"}],"wp:term":[{"taxonomy":"category","embeddable":true,"href":"http:\/\/desarrollo.grupomedios.com\/futbol\/wp-json\/wp\/v2\/categories?post=474736"},{"taxonomy":"post_tag","embeddable":true,"href":"http:\/\/desarrollo.grupomedios.com\/futbol\/wp-json\/wp\/v2\/tags?post=474736"}],"curies":[{"name":"wp","href":"https:\/\/api.w.org\/{rel}","templated":true}]}}