{"id":474737,"date":"2017-04-19T12:24:42","date_gmt":"2017-04-19T17:24:42","guid":{"rendered":"https:\/\/www.futboltotal.com.mx\/?p=474737"},"modified":"2017-04-19T12:24:42","modified_gmt":"2017-04-19T17:24:42","slug":"tono-valdes-bromea-a-hermosa-reportera-al-aire","status":"publish","type":"post","link":"http:\/\/desarrollo.grupomedios.com\/futbol\/cambio-de-juego\/tono-valdes-bromea-a-hermosa-reportera-al-aire\/2017\/04","title":{"rendered":"To\u00f1o de Vald\u00e9s bromea a hermosa reportera&#8230; \u00a1al aire!"},"content":{"rendered":"<p>Quienes no lo conocen podr\u00edan pensar el reconocido periodista deportivo<strong> Antonio de Vald\u00e9s<\/strong> no se atrever\u00eda a jugarle alguna broma a sus compa\u00f1eros del medio. Pero quienes comparten los foros con \u00e9l saben que no es as\u00ed. <em>To\u00f1o\u00a0<\/em>es uno con el micr\u00f3fono y otro fuera del aire. De ser el que da los comentarios m\u00e1s mesurados y certeros puede llegar a ser uno de los m\u00e1s bromistas. Si no lo creen miren el siguiente video en el que su v\u00edctima es la reportera de televisa Odalys Ram\u00edrez&#8230; \u00a1y en pleno programa en vivo!.<\/p>\n<p style=\"text-align: center;\"><span style=\"color: #3366ff;\">VER M\u00c1S: Todas las noticias de futbol internacional<\/span><\/p>\n<blockquote class=\"instagram-media\" style=\"background: #FFF; border: 0; border-radius: 3px; box-shadow: 0 0 1px 0 rgba(0,0,0,0.5),0 1px 10px 0 rgba(0,0,0,0.15); margin: 1px; max-width: 658px; padding: 0; width: calc(100% - 2px);\" data-instgrm-captioned=\"\" data-instgrm-version=\"7\">\n<div style=\"padding: 8px;\">\n<div style=\"background: #F8F8F8; line-height: 0; margin-top: 40px; padding: 50.0% 0; text-align: center; width: 100%;\"><\/div>\n<p style=\"margin: 8px 0 0 0; padding: 0 4px;\"><a style=\"color: #000; font-family: Arial,sans-serif; font-size: 14px; font-style: normal; font-weight: normal; line-height: 17px; text-decoration: none; word-wrap: break-word;\" href=\"https:\/\/www.instagram.com\/p\/BTB5cMPBPTU\/\" target=\"_blank\">As\u00ed se las gasta @adevaldes conmigo . En plena seccion en vivo y me sale con esto . Lo adoro!!! Es demasiado chistoso <\/a><\/p>\n<p style=\"color: #c9c8cd; font-family: Arial,sans-serif; font-size: 14px; line-height: 17px; margin-bottom: 0; margin-top: 8px; overflow: hidden; padding: 8px 0 7px; text-align: center; text-overflow: ellipsis; white-space: nowrap;\">A post shared by odalysrp (@odalysrp) on <time style=\"font-family: Arial,sans-serif; font-size: 14px; line-height: 17px;\" datetime=\"2017-04-18T14:13:54+00:00\">Apr 18, 2017 at 7:13am PDT<\/time><\/p>\n<\/div>\n<\/blockquote>\n<p><script async defer src=\"\/\/platform.instagram.com\/en_US\/embeds.js\"><\/script><\/p>\n","protected":false},"excerpt":{"rendered":"<p>El crack de los deportes sorprendi\u00f3 a su compa\u00f1era de trabajo con un baile. <\/p>\n","protected":false},"author":20,"featured_media":474740,"comment_status":"closed","ping_status":"closed","sticky":false,"template":"","format":"standard","meta":[],"categories":[5419],"tags":[7810,4722,8489],"_links":{"self":[{"href":"http:\/\/desarrollo.grupomedios.com\/futbol\/wp-json\/wp\/v2\/posts\/474737"}],"collection":[{"href":"http:\/\/desarrollo.grupomedios.com\/futbol\/wp-json\/wp\/v2\/posts"}],"about":[{"href":"http:\/\/desarrollo.grupomedios.com\/futbol\/wp-json\/wp\/v2\/types\/post"}],"author":[{"embeddable":true,"href":"http:\/\/desarrollo.grupomedios.com\/futbol\/wp-json\/wp\/v2\/users\/20"}],"replies":[{"embeddable":true,"href":"http:\/\/desarrollo.grupomedios.com\/futbol\/wp-json\/wp\/v2\/comments?post=474737"}],"version-history":[{"count":2,"href":"http:\/\/desarrollo.grupomedios.com\/futbol\/wp-json\/wp\/v2\/posts\/474737\/revisions"}],"predecessor-version":[{"id":474742,"href":"http:\/\/desarrollo.grupomedios.com\/futbol\/wp-json\/wp\/v2\/posts\/474737\/revisions\/474742"}],"wp:featuredmedia":[{"embeddable":true,"href":"http:\/\/desarrollo.grupomedios.com\/futbol\/wp-json\/wp\/v2\/media\/474740"}],"wp:attachment":[{"href":"http:\/\/desarrollo.grupomedios.com\/futbol\/wp-json\/wp\/v2\/media?parent=474737"}],"wp:term":[{"taxonomy":"category","embeddable":true,"href":"http:\/\/desarrollo.grupomedios.com\/futbol\/wp-json\/wp\/v2\/categories?post=474737"},{"taxonomy":"post_tag","embeddable":true,"href":"http:\/\/desarrollo.grupomedios.com\/futbol\/wp-json\/wp\/v2\/tags?post=474737"}],"curies":[{"name":"wp","href":"https:\/\/api.w.org\/{rel}","templated":true}]}}