{"id":474779,"date":"2017-04-19T15:45:04","date_gmt":"2017-04-19T20:45:04","guid":{"rendered":"https:\/\/www.futboltotal.com.mx\/?p=474779"},"modified":"2017-04-19T16:07:59","modified_gmt":"2017-04-19T21:07:59","slug":"aseguran-club-la-premier-league-va-carlos-vela","status":"publish","type":"post","link":"http:\/\/desarrollo.grupomedios.com\/futbol\/destacado-home\/aseguran-club-la-premier-league-va-carlos-vela\/2017\/04","title":{"rendered":"Insinuan que un club de la Premier League ir\u00eda por Carlos Vela"},"content":{"rendered":"<p>Los medios de Inglaterra hablan de una vuelta del delantero mexicano <strong>Carlos Vela<\/strong> a la Premier League, luego de que el ahora jugador de la <strong>Real Sociedad<\/strong> perteneci\u00f3 al <strong>Arsenal<\/strong> entre 2005 y 2012.<\/p>\n<p>Seg\u00fan el portal Football Insider, Vela cumple con el perfil necesario para que el <strong>West Ham<\/strong> lo contrate en busca del reemplazo del franc\u00e9s <strong>Dimitri Payet<\/strong>, quien dej\u00f3 a los <em>Hammers<\/em> en enero para fichar por el Marsella.<\/p>\n<p style=\"text-align: center;\"><span style=\"color: #003366;\"><a style=\"color: #003366;\" href=\"https:\/\/www.futboltotal.com.mx\/2017\/04\/america-chivas-pagarian-cifra-record-montes\/\">VER M\u00c1S: Am\u00e9rica o Chivas pagar\u00edan cifra r\u00e9cord por Montes<\/a><\/span><\/p>\n<p>Las condiciones del ariete mexicano encajan con el perfil futbol\u00edstico y el aporte que el galo daba al cuadro londinenses, y que no ha podido suplir con ninguno de sus futbolistas.<\/p>\n<p>Otro punto a favor de la potencial vuelta de Vela a la Premier con el West Ham es que no necesitar\u00eda gran tiempo de adaptaci\u00f3n a la ciudad, pues durante su etapa con los <em>Gunners<\/em> ya vivi\u00f3 en Londres.<\/p>\n<p>Finalmente, un punto que alimenta los bonos para que Vela deje a la Real Sociedad es que s\u00f3lo le queda un a\u00f1o de contrato con los <em>Txuri-urdin<\/em>, por lo que si el equipo vasco no quiere dejar ir al mexicano sin recibir dinero alguno deber\u00eda venderlo en el pr\u00f3ximo mercado de\u00a0fichajes.<\/p>\n<p style=\"text-align: center;\"><span style=\"color: #003366;\"><a style=\"color: #003366;\" href=\"https:\/\/www.futboltotal.com.mx\/2017\/04\/america-pachuca-sub-13-se-agarran-a-golpes-al-termino-del-partido\/\">VER M\u00c1S: Am\u00e9rica y Pachuca sub 13 se agarran a golpes al t\u00e9rmino de partido<\/a><\/span><\/p>\n","protected":false},"excerpt":{"rendered":"<p>Vela cumple con el perfil necesario para que un equipo ingl\u00e9s lo contrate reemplazando a otra figura.<\/p>\n","protected":false},"author":20,"featured_media":473266,"comment_status":"closed","ping_status":"closed","sticky":false,"template":"","format":"standard","meta":[],"categories":[5,7740,3839,3844,3846],"tags":[6044,6048,5957,334,102,2418,1743],"_links":{"self":[{"href":"http:\/\/desarrollo.grupomedios.com\/futbol\/wp-json\/wp\/v2\/posts\/474779"}],"collection":[{"href":"http:\/\/desarrollo.grupomedios.com\/futbol\/wp-json\/wp\/v2\/posts"}],"about":[{"href":"http:\/\/desarrollo.grupomedios.com\/futbol\/wp-json\/wp\/v2\/types\/post"}],"author":[{"embeddable":true,"href":"http:\/\/desarrollo.grupomedios.com\/futbol\/wp-json\/wp\/v2\/users\/20"}],"replies":[{"embeddable":true,"href":"http:\/\/desarrollo.grupomedios.com\/futbol\/wp-json\/wp\/v2\/comments?post=474779"}],"version-history":[{"count":1,"href":"http:\/\/desarrollo.grupomedios.com\/futbol\/wp-json\/wp\/v2\/posts\/474779\/revisions"}],"predecessor-version":[{"id":474787,"href":"http:\/\/desarrollo.grupomedios.com\/futbol\/wp-json\/wp\/v2\/posts\/474779\/revisions\/474787"}],"wp:featuredmedia":[{"embeddable":true,"href":"http:\/\/desarrollo.grupomedios.com\/futbol\/wp-json\/wp\/v2\/media\/473266"}],"wp:attachment":[{"href":"http:\/\/desarrollo.grupomedios.com\/futbol\/wp-json\/wp\/v2\/media?parent=474779"}],"wp:term":[{"taxonomy":"category","embeddable":true,"href":"http:\/\/desarrollo.grupomedios.com\/futbol\/wp-json\/wp\/v2\/categories?post=474779"},{"taxonomy":"post_tag","embeddable":true,"href":"http:\/\/desarrollo.grupomedios.com\/futbol\/wp-json\/wp\/v2\/tags?post=474779"}],"curies":[{"name":"wp","href":"https:\/\/api.w.org\/{rel}","templated":true}]}}