{"id":474790,"date":"2017-04-19T15:44:09","date_gmt":"2017-04-19T20:44:09","guid":{"rendered":"https:\/\/www.futboltotal.com.mx\/?p=474790"},"modified":"2017-04-19T16:10:22","modified_gmt":"2017-04-19T21:10:22","slug":"se-conoce-fecha-pablo-aguilar-declarara-tas","status":"publish","type":"post","link":"http:\/\/desarrollo.grupomedios.com\/futbol\/destacado-home\/se-conoce-fecha-pablo-aguilar-declarara-tas\/2017\/04","title":{"rendered":"Se conoci\u00f3 la fecha en que Pablo Aguilar declarar\u00e1 ante el TAS"},"content":{"rendered":"<p><strong>Am\u00e9rica<\/strong> est\u00e1 agotando hasta las \u00faltimas instancias en busca de que su jugador, el defensa paraguayo <a href=\"https:\/\/www.futboltotal.com.mx\/2017\/04\/pablo-aguilar-podria-volver-a-jugar-en-clausura-2017\/\"><strong>Pablo Aguilar<\/strong>, vuelva a jugar en el <strong>Clausura 2017<\/strong><\/a> si es que se logra anular la suspensi\u00f3n de un a\u00f1o que recibi\u00f3 por dar un cabezazo al \u00e1rbitro Fernando Hern\u00e1ndez.<\/p>\n<p>De acuerdo con declaraciones para TDN del presidente deportivo de las<em> \u00c1guilas<\/em>, Ricardo Pel\u00e1ez, ya hay fecha para que Aguilar declare ante el TAS en busca de reducir o anular el castigo.<\/p>\n<p style=\"text-align: center;\"><span style=\"color: #003366;\"><a style=\"color: #003366;\" href=\"https:\/\/www.futboltotal.com.mx\/2017\/04\/aseguran-club-la-premier-league-va-carlos-vela\/\">VER M\u00c1S: Insin\u00faan que un club de la Premier League ir\u00eda por Carlos Vela<\/a><\/span><\/p>\n<p>&#8220;El 28 tiene su cita all\u00e1 en Suiza y vamos a esperar la determinaci\u00f3n del TAS; ojal\u00e1 se pueda acortar el castigo, yo pienso que s\u00ed se podr\u00e1 porque se me hace exagerado lo que sucedi\u00f3&#8221;, mencion\u00f3 Pel\u00e1ez.<\/p>\n<p>El directivo azulcrema reconoce que el jugador se equivoc\u00f3, pero tambi\u00e9n destaca que hay arrepentimiento por parte del guaran\u00ed.<\/p>\n<p>\u201c\u00c9l est\u00e1 consciente del error que cometi\u00f3 y todos estamos conscientes de que Pablo cometi\u00f3 un error y sabemos que no podemos repetir esa situaci\u00f3n\u201d,\u00a0agreg\u00f3\u00a0el presidente deportivo.<\/p>\n<p style=\"text-align: center;\"><span style=\"color: #003366;\"><a style=\"color: #003366;\" href=\"https:\/\/www.futboltotal.com.mx\/2017\/04\/america-chivas-pagarian-cifra-record-montes\/\">VER M\u00c1S: Am\u00e9rica o Chivas pagar\u00edan cifra r\u00e9cord por Montes<\/a><\/span><\/p>\n<p>&nbsp;<\/p>\n","protected":false},"excerpt":{"rendered":"<p>Ya hay fecha para que Aguilar declare ante el TAS en busca de reducir o anular el castigo.<\/p>\n","protected":false},"author":20,"featured_media":473287,"comment_status":"closed","ping_status":"closed","sticky":false,"template":"","format":"standard","meta":[],"categories":[5,2198,3845],"tags":[1585,5959,8317,6272,7732,64,994,3811],"_links":{"self":[{"href":"http:\/\/desarrollo.grupomedios.com\/futbol\/wp-json\/wp\/v2\/posts\/474790"}],"collection":[{"href":"http:\/\/desarrollo.grupomedios.com\/futbol\/wp-json\/wp\/v2\/posts"}],"about":[{"href":"http:\/\/desarrollo.grupomedios.com\/futbol\/wp-json\/wp\/v2\/types\/post"}],"author":[{"embeddable":true,"href":"http:\/\/desarrollo.grupomedios.com\/futbol\/wp-json\/wp\/v2\/users\/20"}],"replies":[{"embeddable":true,"href":"http:\/\/desarrollo.grupomedios.com\/futbol\/wp-json\/wp\/v2\/comments?post=474790"}],"version-history":[{"count":1,"href":"http:\/\/desarrollo.grupomedios.com\/futbol\/wp-json\/wp\/v2\/posts\/474790\/revisions"}],"predecessor-version":[{"id":474801,"href":"http:\/\/desarrollo.grupomedios.com\/futbol\/wp-json\/wp\/v2\/posts\/474790\/revisions\/474801"}],"wp:featuredmedia":[{"embeddable":true,"href":"http:\/\/desarrollo.grupomedios.com\/futbol\/wp-json\/wp\/v2\/media\/473287"}],"wp:attachment":[{"href":"http:\/\/desarrollo.grupomedios.com\/futbol\/wp-json\/wp\/v2\/media?parent=474790"}],"wp:term":[{"taxonomy":"category","embeddable":true,"href":"http:\/\/desarrollo.grupomedios.com\/futbol\/wp-json\/wp\/v2\/categories?post=474790"},{"taxonomy":"post_tag","embeddable":true,"href":"http:\/\/desarrollo.grupomedios.com\/futbol\/wp-json\/wp\/v2\/tags?post=474790"}],"curies":[{"name":"wp","href":"https:\/\/api.w.org\/{rel}","templated":true}]}}