{"id":474834,"date":"2017-04-19T18:10:16","date_gmt":"2017-04-19T23:10:16","guid":{"rendered":"https:\/\/www.futboltotal.com.mx\/?p=474834"},"modified":"2017-04-19T18:10:16","modified_gmt":"2017-04-19T23:10:16","slug":"sergio-ramos-envia-mensaje-gratitud-a-gerardo-torrado","status":"publish","type":"post","link":"http:\/\/desarrollo.grupomedios.com\/futbol\/futbol-mexicano\/sergio-ramos-envia-mensaje-gratitud-a-gerardo-torrado\/2017\/04","title":{"rendered":"Sergio Ramos env\u00eda mensaje de gratitud a Gerardo Torrado"},"content":{"rendered":"<p>A trav\u00e9s de redes sociales, el mediocampista mexicano, <strong>Gerardo Torrado<\/strong>, comparti\u00f3 un video donde felicitaba a su amigo <strong>Sergio Ramos<\/strong>, por la clasificaci\u00f3n del Real Madrid a las Semifinales de la Champions League. El azteca y el espa\u00f1ol coincidieron en el Sevilla, cuando <em>el Borrego<\/em> ten\u00eda poco m\u00e1s de 20 a\u00f1os y el ib\u00e9rico era un adolescente.<\/p>\n<blockquote class=\"twitter-video\" data-lang=\"es\">\n<p dir=\"ltr\" lang=\"es\">Este crack desde los 16 a\u00f1os ya jugaba como todo un profesional. <a href=\"https:\/\/twitter.com\/SergioRamos\">@SergioRamos<\/a> <a href=\"https:\/\/twitter.com\/hashtag\/ExperienciasconelBorrego?src=hash\">#ExperienciasconelBorrego<\/a> <a href=\"https:\/\/t.co\/xQ0aDoslKq\">pic.twitter.com\/xQ0aDoslKq<\/a><\/p>\n<p>\u2014 Gerardo Torrado (@gerardotorrado6) <a href=\"https:\/\/twitter.com\/gerardotorrado6\/status\/854522533797924867\">19 de abril de 2017<\/a><\/p><\/blockquote>\n<p><script async src=\"\/\/platform.twitter.com\/widgets.js\" charset=\"utf-8\"><\/script><\/p>\n<p>La respuesta lleg\u00f3 casi un d\u00eda despu\u00e9s, cuando <strong>Sergio Ramos<\/strong> envi\u00f3 un emotivo mensaje de gratitud a <strong>Gerardo Torrado<\/strong>, invit\u00e1ndolo a que lo visitara pronto. Luego de jugar en Sevilla, los futbolistas se reencontraron en 2010, luego de que Espa\u00f1a ganara el Mundial, para enfrentarse en partido amistoso en el estadio Azteca, en conmemoraci\u00f3n por los 200 a\u00f1os de la independencia de M\u00e9xico.<\/p>\n<p style=\"text-align: center;\"><span style=\"color: #3366ff;\"><a style=\"color: #3366ff;\" href=\"https:\/\/www.futboltotal.com.mx\/2017\/04\/roban-calzado-a-hincha-de-belgrano-asesinado\/\" target=\"_blank\"><strong>LEER M\u00c1S: Captan robo de zapatos al aficionado de Belgrano que muri\u00f3 tras ser arrojado de 5 metros<\/strong><\/a><\/span><\/p>\n<blockquote class=\"twitter-tweet\" data-lang=\"es\">\n<p dir=\"ltr\" lang=\"es\">\u00a1Muchas gracias, amigo! Ven pronto a verme. Un abrazo &#x1f609; <a href=\"https:\/\/t.co\/UR5fohTHCk\">https:\/\/t.co\/UR5fohTHCk<\/a><\/p>\n<p>\u2014 Sergio Ramos (@SergioRamos) <a href=\"https:\/\/twitter.com\/SergioRamos\/status\/854752775472898048\">19 de abril de 2017<\/a><\/p><\/blockquote>\n<p><script async src=\"\/\/platform.twitter.com\/widgets.js\" charset=\"utf-8\"><\/script><\/p>\n<p>Cabe destacar que se reencontraron cuatro a\u00f1os despu\u00e9s, cuando Cruz Azul y Real Madrid se enfrentaron en las Semifinales del Mundial de Clubes 2014, donde el conjunto merengue termin\u00f3 por golear a los Cementeros.<\/p>\n<p>S\u00edguenos en Twitter: <a href=\"https:\/\/twitter.com\/MXFutbolTotal\" target=\"_blank\">@MXFutbolTotal<\/a><\/p>\n","protected":false},"excerpt":{"rendered":"<p>El Borrego felicita al zaguero por clasificaci\u00f3n en Champions; as\u00ed le responden.<\/p>\n","protected":false},"author":20,"featured_media":474835,"comment_status":"closed","ping_status":"closed","sticky":false,"template":"","format":"standard","meta":[],"categories":[3839,2198],"tags":[36,379,6020],"_links":{"self":[{"href":"http:\/\/desarrollo.grupomedios.com\/futbol\/wp-json\/wp\/v2\/posts\/474834"}],"collection":[{"href":"http:\/\/desarrollo.grupomedios.com\/futbol\/wp-json\/wp\/v2\/posts"}],"about":[{"href":"http:\/\/desarrollo.grupomedios.com\/futbol\/wp-json\/wp\/v2\/types\/post"}],"author":[{"embeddable":true,"href":"http:\/\/desarrollo.grupomedios.com\/futbol\/wp-json\/wp\/v2\/users\/20"}],"replies":[{"embeddable":true,"href":"http:\/\/desarrollo.grupomedios.com\/futbol\/wp-json\/wp\/v2\/comments?post=474834"}],"version-history":[{"count":1,"href":"http:\/\/desarrollo.grupomedios.com\/futbol\/wp-json\/wp\/v2\/posts\/474834\/revisions"}],"predecessor-version":[{"id":474836,"href":"http:\/\/desarrollo.grupomedios.com\/futbol\/wp-json\/wp\/v2\/posts\/474834\/revisions\/474836"}],"wp:featuredmedia":[{"embeddable":true,"href":"http:\/\/desarrollo.grupomedios.com\/futbol\/wp-json\/wp\/v2\/media\/474835"}],"wp:attachment":[{"href":"http:\/\/desarrollo.grupomedios.com\/futbol\/wp-json\/wp\/v2\/media?parent=474834"}],"wp:term":[{"taxonomy":"category","embeddable":true,"href":"http:\/\/desarrollo.grupomedios.com\/futbol\/wp-json\/wp\/v2\/categories?post=474834"},{"taxonomy":"post_tag","embeddable":true,"href":"http:\/\/desarrollo.grupomedios.com\/futbol\/wp-json\/wp\/v2\/tags?post=474834"}],"curies":[{"name":"wp","href":"https:\/\/api.w.org\/{rel}","templated":true}]}}