{"id":474858,"date":"2017-04-20T09:51:24","date_gmt":"2017-04-20T14:51:24","guid":{"rendered":"https:\/\/www.futboltotal.com.mx\/?p=474858"},"modified":"2017-04-20T10:19:32","modified_gmt":"2017-04-20T15:19:32","slug":"resultado-liga-mx-chivas-0-0-morelia-penales-3-1","status":"publish","type":"post","link":"http:\/\/desarrollo.grupomedios.com\/futbol\/destacado-home\/resultado-liga-mx-chivas-0-0-morelia-penales-3-1\/2017\/04","title":{"rendered":"\u00a1Chivas, campe\u00f3n de la Copa MX!"},"content":{"rendered":"<p>En el estadio Chivas, Guadalajara recibi\u00f3 al Morelia para el duelo decisivo por el t\u00edtulo de la Copa MX del Clausura 2017, que estuvo lleno de muchas emociones, caracter\u00edsticas de una Final. El Reba\u00f1o Sagrado no pudo imponerse en el tiempo regular, pero s\u00ed por la v\u00eda de los penales.<\/p>\n<p>Chivas tom\u00f3 la iniciativa del partido con la explotaci\u00f3n de sus bandas y de la velocidad de sus futbolistas, mientras que Monarcas se dedic\u00f3 a esperar al rival, como lo ha hecho en lo que va del 2017, tanto en Liga como en Copa MX, y que le ha dado resultados, en mayor medida en el certamen copero.<\/p>\n<p style=\"text-align: center;\"><span style=\"color: #003366;\"><a style=\"color: #003366;\" href=\"https:\/\/www.futboltotal.com.mx\/2017\/04\/chivas-conquista-la-copa-ahora-suena-doblete\/\">VER M\u00c1S: Vergara asegura: &#8220;Queremos doblete, Chivas va por la Liga&#8221;<\/a><\/span><\/p>\n<p>Carlos Fierro fue el hombre m\u00e1s peligroso del Reba\u00f1o Sagrado en la primera parte, al ser quien se anim\u00f3 a disparar en repetidas ocasiones, aunque sin lograr da\u00f1ar la caba\u00f1a rival, incluso Sebasti\u00e1n Sosa se qued\u00f3 sin mostrar su talento, pues los disparos no fueron directo al marco.<\/p>\n<p>Cerca del final de la primera parte, \u00c1ngel Zald\u00edvar dio un paso en falso que le provoc\u00f3 una lesi\u00f3n de la que ya no pudo recuperarse, por lo que Rodolfo Pizarro tuvo que sucederlo, situaci\u00f3n que redujo el ataque rojiblanco. El hombre m\u00e1s peligroso de la visita, era Gast\u00f3n Lezcano, quien logr\u00f3 llevar el bal\u00f3n lo m\u00e1s lejos de su marco e inquiet\u00f3 a la zaga del Guadalajara.<\/p>\n<p style=\"text-align: center;\"><span style=\"color: #3366ff;\"><a style=\"color: #3366ff;\" href=\"https:\/\/en-vivo.futboltotal.com.mx\/partido\/chivas-vs-morelia-gran-final-copa-mx\/25\/\" target=\"_blank\"><strong>VER M\u00c1S: AS\u00cd SE VIVI\u00d3 | Chivas 0 (3)-(1) 0 Morelia<\/strong><\/a><\/span><\/p>\n<p>Para el complemento, ambas escuadras metieron a sus respectivos relevos de lujo en la Copa: Javier L\u00f3pez, por parte de Chivas y Rodolfo Vilchis, para Morelia; no obstante, ninguno de los dos pudo hacer diferencia, pese a que s\u00ed le dieron cierto impulso a su equipo. El juego continu\u00f3 empatado sin goles hasta el cierre del tiempo reglamentario, debido al buen trabajo de Sebasti\u00e1n Sosa, quien se luci\u00f3 en las pocas opciones claras de gol que el Reba\u00f1o tuvo.<\/p>\n<p>El duelo se tuvo que decidir mediante la tanda de penales, en la que se impuso Chivas, por 3-1, gracias a un buen desempe\u00f1o de Miguel Jim\u00e9nez, quien ataj\u00f3 tres penas m\u00e1ximas.<\/p>\n<p style=\"text-align: center;\"><span style=\"color: #003366;\"><a style=\"color: #003366;\" href=\"https:\/\/www.futboltotal.com.mx\/2017\/04\/chicharito-felicita-a-chivas-quiere-titulos\/\">VER M\u00c1S: Chciharito felicita a Chivas y quiere m\u00e1s t\u00edtulos<\/a><\/span><\/p>\n<blockquote class=\"twitter-video\" data-lang=\"es\">\n<p dir=\"ltr\" lang=\"es\"><a href=\"https:\/\/twitter.com\/hashtag\/DaleReba%C3%B1o?src=hash\">#DaleReba\u00f1o<\/a> \u00a1Gr\u00edtalo otra vez! ChivaHermano, \u00a1somos Campeones! Revive la tanda de penales. &#x1f1eb;&#x1f1f7;&#x1f3c6; <a href=\"https:\/\/twitter.com\/hashtag\/UnidosSomosCA3RONES?src=hash\">#UnidosSomosCA3RONES<\/a> &#x1f3c6;&#x1f1eb;&#x1f1f7; <a href=\"https:\/\/t.co\/yupRpHZvOw\">pic.twitter.com\/yupRpHZvOw<\/a><\/p>\n<p>\u2014 CHIVAS (@Chivas) <a href=\"https:\/\/twitter.com\/Chivas\/status\/854912975580180480\">20 de abril de 2017<\/a><\/p><\/blockquote>\n<p><script async src=\"\/\/platform.twitter.com\/widgets.js\" charset=\"utf-8\"><\/script><\/p>\n<p>Alineaciones:<\/p>\n<p>Chivas: Jim\u00e9nez, Salcido, Ponce, Calder\u00f3n (Calder\u00f3n, 62\u2019), Pulido, S\u00e1nchez, P\u00e9rez, Mar\u00edn, Fierro, Zald\u00edvar (Pizarro, 38\u2019), Pineda. DT. Almeyda.<\/p>\n<p>Morelia: Sosa, Morales, Rodr\u00edguez, Rodr\u00edguez (Z\u00e1rate, 72\u2019), Osuna, Cabrera, Gonz\u00e1lez, Sansores (Vilchis, 64\u2019), Erpen, Penilla (Rey, 79\u2019), Lezcano. D. T.Hern\u00e1ndez<\/p>\n<p style=\"text-align: center;\"><span style=\"color: #003366;\"><a style=\"color: #003366;\" href=\"https:\/\/www.futboltotal.com.mx\/2017\/04\/los-mejores-memes-del-titulo-chivas-en-la-final-la-copa-mx\/\">VER M\u00c1S: Los mejores memes del t\u00edtulo de Chivas en la Copa MX<\/a><\/span><\/p>\n","protected":false},"excerpt":{"rendered":"<p>El Reba\u00f1o Sagrado se impone por 3-1 en la tanda de penales.<\/p>\n","protected":false},"author":20,"featured_media":474873,"comment_status":"closed","ping_status":"closed","sticky":false,"template":"","format":"standard","meta":[],"categories":[5,2198,3845],"tags":[70,5967],"_links":{"self":[{"href":"http:\/\/desarrollo.grupomedios.com\/futbol\/wp-json\/wp\/v2\/posts\/474858"}],"collection":[{"href":"http:\/\/desarrollo.grupomedios.com\/futbol\/wp-json\/wp\/v2\/posts"}],"about":[{"href":"http:\/\/desarrollo.grupomedios.com\/futbol\/wp-json\/wp\/v2\/types\/post"}],"author":[{"embeddable":true,"href":"http:\/\/desarrollo.grupomedios.com\/futbol\/wp-json\/wp\/v2\/users\/20"}],"replies":[{"embeddable":true,"href":"http:\/\/desarrollo.grupomedios.com\/futbol\/wp-json\/wp\/v2\/comments?post=474858"}],"version-history":[{"count":10,"href":"http:\/\/desarrollo.grupomedios.com\/futbol\/wp-json\/wp\/v2\/posts\/474858\/revisions"}],"predecessor-version":[{"id":474940,"href":"http:\/\/desarrollo.grupomedios.com\/futbol\/wp-json\/wp\/v2\/posts\/474858\/revisions\/474940"}],"wp:featuredmedia":[{"embeddable":true,"href":"http:\/\/desarrollo.grupomedios.com\/futbol\/wp-json\/wp\/v2\/media\/474873"}],"wp:attachment":[{"href":"http:\/\/desarrollo.grupomedios.com\/futbol\/wp-json\/wp\/v2\/media?parent=474858"}],"wp:term":[{"taxonomy":"category","embeddable":true,"href":"http:\/\/desarrollo.grupomedios.com\/futbol\/wp-json\/wp\/v2\/categories?post=474858"},{"taxonomy":"post_tag","embeddable":true,"href":"http:\/\/desarrollo.grupomedios.com\/futbol\/wp-json\/wp\/v2\/tags?post=474858"}],"curies":[{"name":"wp","href":"https:\/\/api.w.org\/{rel}","templated":true}]}}