{"id":474986,"date":"2017-04-20T13:55:55","date_gmt":"2017-04-20T18:55:55","guid":{"rendered":"https:\/\/www.futboltotal.com.mx\/?p=474986"},"modified":"2017-04-20T13:59:51","modified_gmt":"2017-04-20T18:59:51","slug":"los-mexicanos-pueden-carajo-matias-almeyda","status":"publish","type":"post","link":"http:\/\/desarrollo.grupomedios.com\/futbol\/videos\/los-mexicanos-pueden-carajo-matias-almeyda\/2017\/04","title":{"rendered":"\u00a1Los mexicanos pueden carajo!: Mat\u00edas Almeyda"},"content":{"rendered":"<p><strong>Chivas<\/strong> consigui\u00f3 su cuarto t\u00edtulo hist\u00f3rico en la Copa MX y segundo bajo el mando de <strong>Mat\u00edas Almeyda<\/strong>, tras imponerse en penales a Monarcas Morelia, en la Final. En el duelo el <em>Reba\u00f1o<\/em> fue mejor que los michoacanos, y en la tanda de penales supo mantener una gran mentalidad, pese a iniciar con el pie izquierdo.<\/p>\n<p>El coraje mostrado en la tanda de penales fue gracias al impulso que <strong>Mat\u00edas Almeyda<\/strong> dio en todo momento a sus jugadores; en especial, previo al arranque del juego, donde dio un emotivo discurso que a\u00fan resuena en los corazones de los futbolistas y aficionados de las <strong>Chivas<\/strong>.<\/p>\n<p style=\"text-align: center;\"><span style=\"color: #3366ff;\"><a style=\"color: #3366ff;\" href=\"https:\/\/www.futboltotal.com.mx\/2017\/04\/carlos-fierro-rodolfo-pizarro-los-talismanes-del-titulo\/\" target=\"_blank\"><strong>VER M\u00c1S: Carlos Fierro y Rodolfo Pizarro, talismanes del t\u00edtulo<\/strong><\/a><\/span><\/p>\n<blockquote class=\"twitter-video\" data-lang=\"es\">\n<p dir=\"ltr\" lang=\"es\">Hay que dejar el alma por m\u00e1s de 40 millones de seguidores del Guadalajara; la encomienda de <a href=\"https:\/\/twitter.com\/peladoalmeyda\">@peladoalmeyda<\/a>. \u00a1Grande, Mat\u00edas! &#x1f51d;&#x1f3c6;&#x1f410;&#x1f1e6;&#x1f1f9; <a href=\"https:\/\/t.co\/WZEHiHoPWX\">pic.twitter.com\/WZEHiHoPWX<\/a><\/p>\n<p>\u2014 ChivasTV (@chivastvmx) <a href=\"https:\/\/twitter.com\/chivastvmx\/status\/854878870050283520\">20 de abril de 2017<\/a><\/p><\/blockquote>\n<p><script async src=\"\/\/platform.twitter.com\/widgets.js\" charset=\"utf-8\"><\/script><\/p>\n<blockquote class=\"twitter-video\" data-lang=\"es\">\n<p dir=\"ltr\" lang=\"es\">Donde hay tradici\u00f3n, humildad y trabajo, estar\u00e1 el Guadalajara. &#x1f1e6;&#x1f1f9; Por eso en todo M\u00e9xico, y el mundo, hay un ChivaHermano. &#x1f410;&#x1f1f2;&#x1f1fd; <a href=\"https:\/\/t.co\/iDkb2IAzGx\">pic.twitter.com\/iDkb2IAzGx<\/a><\/p>\n<p>\u2014 ChivasTV (@chivastvmx) <a href=\"https:\/\/twitter.com\/chivastvmx\/status\/855112905821274112\">20 de abril de 2017<\/a><\/p><\/blockquote>\n<p><script async src=\"\/\/platform.twitter.com\/widgets.js\" charset=\"utf-8\"><\/script><\/p>\n<blockquote class=\"twitter-tweet\" data-lang=\"es\">\n<p dir=\"ltr\" lang=\"es\">Este es el premio al trabajo, la constancia, la uni\u00f3n, la entrega y la humildad. Orgulloso de Uds. <a href=\"https:\/\/t.co\/hjCp7NAspC\">pic.twitter.com\/hjCp7NAspC<\/a><\/p>\n<p>\u2014 Mat\u00edas Jes\u00fas Almeyda (@peladoalmeyda) <a href=\"https:\/\/twitter.com\/peladoalmeyda\/status\/855129485221519363\">20 de abril de 2017<\/a><\/p><\/blockquote>\n<p><script async src=\"\/\/platform.twitter.com\/widgets.js\" charset=\"utf-8\"><\/script><\/p>\n<p><strong>S\u00edguenos en Twitter<\/strong>: <a href=\"https:\/\/twitter.com\/MXFutbolTotal\" target=\"_blank\">@MXFutbolTotal<\/a><\/p>\n","protected":false},"excerpt":{"rendered":"<p>El Pelado dio un discurso que motivo al Reba\u00f1o Sagrado a ganar la Copa.<\/p>\n","protected":false},"author":20,"featured_media":474989,"comment_status":"closed","ping_status":"closed","sticky":false,"template":"","format":"standard","meta":[],"categories":[2198,3845,4,6433],"tags":[70,1420],"_links":{"self":[{"href":"http:\/\/desarrollo.grupomedios.com\/futbol\/wp-json\/wp\/v2\/posts\/474986"}],"collection":[{"href":"http:\/\/desarrollo.grupomedios.com\/futbol\/wp-json\/wp\/v2\/posts"}],"about":[{"href":"http:\/\/desarrollo.grupomedios.com\/futbol\/wp-json\/wp\/v2\/types\/post"}],"author":[{"embeddable":true,"href":"http:\/\/desarrollo.grupomedios.com\/futbol\/wp-json\/wp\/v2\/users\/20"}],"replies":[{"embeddable":true,"href":"http:\/\/desarrollo.grupomedios.com\/futbol\/wp-json\/wp\/v2\/comments?post=474986"}],"version-history":[{"count":2,"href":"http:\/\/desarrollo.grupomedios.com\/futbol\/wp-json\/wp\/v2\/posts\/474986\/revisions"}],"predecessor-version":[{"id":474993,"href":"http:\/\/desarrollo.grupomedios.com\/futbol\/wp-json\/wp\/v2\/posts\/474986\/revisions\/474993"}],"wp:featuredmedia":[{"embeddable":true,"href":"http:\/\/desarrollo.grupomedios.com\/futbol\/wp-json\/wp\/v2\/media\/474989"}],"wp:attachment":[{"href":"http:\/\/desarrollo.grupomedios.com\/futbol\/wp-json\/wp\/v2\/media?parent=474986"}],"wp:term":[{"taxonomy":"category","embeddable":true,"href":"http:\/\/desarrollo.grupomedios.com\/futbol\/wp-json\/wp\/v2\/categories?post=474986"},{"taxonomy":"post_tag","embeddable":true,"href":"http:\/\/desarrollo.grupomedios.com\/futbol\/wp-json\/wp\/v2\/tags?post=474986"}],"curies":[{"name":"wp","href":"https:\/\/api.w.org\/{rel}","templated":true}]}}