{"id":475016,"date":"2017-04-20T17:29:31","date_gmt":"2017-04-20T22:29:31","guid":{"rendered":"https:\/\/www.futboltotal.com.mx\/?p=475016"},"modified":"2017-04-20T20:43:37","modified_gmt":"2017-04-21T01:43:37","slug":"pumas-perderia-seis-meses-a-pablo-barrera","status":"publish","type":"post","link":"http:\/\/desarrollo.grupomedios.com\/futbol\/destacado-home\/pumas-perderia-seis-meses-a-pablo-barrera\/2017\/04","title":{"rendered":"OFICIAL: Pumas pierde por seis meses a Pablo Barrera"},"content":{"rendered":"<p>El mediocampista de <strong>Pumas<\/strong>, <strong>Pablo Barrera<\/strong>, podr\u00eda estar fuera de las canchas por los pr\u00f3ximos seis meses.\u00a0Y es que este\u00a0jueves fue operado de una rotura del menisco medial en la rodilla derecha y, adem\u00e1s, los m\u00e9dicos le detectaron una fractura de ligamento cruzado anterior.<\/p>\n<p>El <em>Dinamita<\/em> tuvo que ser intervenido despu\u00e9s de haber sufrido una lesi\u00f3n el pasado domingo 11 de abril (en la derrota o-1 ante Toluca) y para su mala fortuna, recuperarse a esta doble lesi\u00f3n le llevar\u00e1, al menos, seis meses m\u00e1s de lo esperado<em>.<\/em><\/p>\n<p style=\"text-align: center;\"><a href=\"https:\/\/www.futboltotal.com.mx\/futbol-mexicano\/\"><span style=\"color: #3366ff;\">VER M\u00c1S: Todas las noticias de futbol mexicano<\/span><\/a><\/p>\n<p><strong>Barrera\u00a0<\/strong>se hab\u00eda resignado a perderse el resto del Clausura 2017 y hasta antes de la cirug\u00eda ten\u00eda presupuestado estar fuera de actividad solo un par de meses. Sin embargo, la rotura de ligamentos lo obligar\u00e1 a perderse el arranque del Apertura 2017 y en el mejor de los casos estar\u00eda de vuelta para finales del mes de octubre.<\/p>\n<p>Lesiones de esta magnitud han sido una constante en la carrera de <strong>Pablo Barrera<\/strong>. La primera la sufri\u00f3 por primera vez con Pumas entre 2008 y 2009 y luego con Cruz Azul en un par de ocasiones. De hecho, la \u00faltima con la <em>M\u00e1quina<\/em> le impidi\u00f3 jugar un a\u00f1o.<\/p>\n<p>Ahora, <strong>Barrera<\/strong>, de 29 a\u00f1os, sufri\u00f3 una m\u00e1s en el momento m\u00e1s inoportuno del torneo, justo cuando hab\u00eda mostrado un rendimiento notable al haber afianzado la titularidad con Paco Palencia con n\u00fameros notables: 11 partidos jugados, dos goles marcados y adem\u00e1s, con la jerarqu\u00eda de cobrador oficial de penaltis.<\/p>\n<p>&#8220;Cabe se\u00f1alar que Pumas no escatimar\u00e1 esfuerzos y pondr\u00e1 todo de su parte para que Barrera tenga una recuperaci\u00f3n lo m\u00e1s \u00f3ptima posible y el felino pueda regresar a las canchas en un tiempo estipulado de seis meses a partir de este jueves. Se estima que el jugador auriazul iniciar\u00e1 su rehabilitaci\u00f3n en la segunda semana despu\u00e9s del procedimiento quir\u00fargico&#8221;, indic\u00f3 <strong>Pumas<\/strong> en comunicado.<\/p>\n<p><strong><b>S\u00edguenos en Twitter<\/b>:\u00a0<a href=\"https:\/\/twitter.com\/MXFutbolTotal\"><span class=\"s2\">@MXFutbolTotal<\/span><\/a><\/strong><\/p>\n","protected":false},"excerpt":{"rendered":"<p>El mediocampista sufre una rotura de ligamento en la rodilla derecha. <\/p>\n","protected":false},"author":20,"featured_media":475032,"comment_status":"closed","ping_status":"closed","sticky":false,"template":"","format":"standard","meta":[],"categories":[5,2198,3845,5950],"tags":[82,74],"_links":{"self":[{"href":"http:\/\/desarrollo.grupomedios.com\/futbol\/wp-json\/wp\/v2\/posts\/475016"}],"collection":[{"href":"http:\/\/desarrollo.grupomedios.com\/futbol\/wp-json\/wp\/v2\/posts"}],"about":[{"href":"http:\/\/desarrollo.grupomedios.com\/futbol\/wp-json\/wp\/v2\/types\/post"}],"author":[{"embeddable":true,"href":"http:\/\/desarrollo.grupomedios.com\/futbol\/wp-json\/wp\/v2\/users\/20"}],"replies":[{"embeddable":true,"href":"http:\/\/desarrollo.grupomedios.com\/futbol\/wp-json\/wp\/v2\/comments?post=475016"}],"version-history":[{"count":6,"href":"http:\/\/desarrollo.grupomedios.com\/futbol\/wp-json\/wp\/v2\/posts\/475016\/revisions"}],"predecessor-version":[{"id":475056,"href":"http:\/\/desarrollo.grupomedios.com\/futbol\/wp-json\/wp\/v2\/posts\/475016\/revisions\/475056"}],"wp:featuredmedia":[{"embeddable":true,"href":"http:\/\/desarrollo.grupomedios.com\/futbol\/wp-json\/wp\/v2\/media\/475032"}],"wp:attachment":[{"href":"http:\/\/desarrollo.grupomedios.com\/futbol\/wp-json\/wp\/v2\/media?parent=475016"}],"wp:term":[{"taxonomy":"category","embeddable":true,"href":"http:\/\/desarrollo.grupomedios.com\/futbol\/wp-json\/wp\/v2\/categories?post=475016"},{"taxonomy":"post_tag","embeddable":true,"href":"http:\/\/desarrollo.grupomedios.com\/futbol\/wp-json\/wp\/v2\/tags?post=475016"}],"curies":[{"name":"wp","href":"https:\/\/api.w.org\/{rel}","templated":true}]}}