{"id":475029,"date":"2017-04-20T17:29:33","date_gmt":"2017-04-20T22:29:33","guid":{"rendered":"https:\/\/www.futboltotal.com.mx\/?p=475029"},"modified":"2017-04-20T17:29:33","modified_gmt":"2017-04-20T22:29:33","slug":"dani-alves-triunfante-ex-companero-gerardo-torrado","status":"publish","type":"post","link":"http:\/\/desarrollo.grupomedios.com\/futbol\/futbol-mexicano\/dani-alves-triunfante-ex-companero-gerardo-torrado\/2017\/04","title":{"rendered":"Dani Alves, otro triunfante ex compa\u00f1ero de Gerardo Torrado"},"content":{"rendered":"<p>El mediocampista mexicano, <strong>Gerardo Torrado<\/strong>, revel\u00f3 en una entrevista, que no solamente Sergio Ramos fue su compa\u00f1ero, cuando jug\u00f3 en el Sevilla, sino que hubo otros jugadores con trayectoria exitosa, en el club andaluz.<\/p>\n<p>Los brasile\u00f1os, Julio Baptista y <strong>Dani Alves<\/strong>, jugaron con <strong>Gerardo Torrado<\/strong> en el Sevilla, ambos fueron Mundialistas, y el lateral, tiene en su palmar\u00e9s una Champions League con Barcelona y esta semana tuvo una estupenda actuaci\u00f3n en el torneo de UEFA, con Juventus.<\/p>\n<p>El mediocampista del Indy Eleven, <strong>Gerardo Torrado<\/strong>, destaca que no tiene una comunicaci\u00f3n constante con los jugadores, pero s\u00ed acostumbra saludarlos cuando se los encuentra en partidos.<\/p>\n<p style=\"text-align: center;\"><span style=\"color: #3366ff;\"><a style=\"color: #3366ff;\" href=\"https:\/\/www.futboltotal.com.mx\/2017\/04\/sergio-ramos-envia-mensaje-gratitud-a-gerardo-torrado\/\" target=\"_blank\"><strong>VER M\u00c1S: El mensaje de Ramos para Torrado<\/strong><\/a><\/span><\/p>\n<p>\u201cTuve la posibilidad de jugar con Julio Baptista, con <strong>Dani Alves<\/strong>; contacto continuo no tengo, pero cuando he podido jugar contra ellos siempre ha sido un placer volverlos a ver, saludarlos y poder platicar experiencias que vivimos juntos en el Sevilla\u201d, explic\u00f3 Gerardo Torrado.<\/p>\n<p>S\u00edguenos en Twitter: <a href=\"https:\/\/twitter.com\/MXFutbolTotal\" target=\"_blank\">@MXFutbolTotal<\/a><\/p>\n","protected":false},"excerpt":{"rendered":"<p>El mediocampista mexicano revela con qui\u00e9n m\u00e1s comparti\u00f3 vestidor.<\/p>\n","protected":false},"author":20,"featured_media":475030,"comment_status":"closed","ping_status":"closed","sticky":false,"template":"","format":"standard","meta":[],"categories":[3841,3839,2198],"tags":[5983,379],"_links":{"self":[{"href":"http:\/\/desarrollo.grupomedios.com\/futbol\/wp-json\/wp\/v2\/posts\/475029"}],"collection":[{"href":"http:\/\/desarrollo.grupomedios.com\/futbol\/wp-json\/wp\/v2\/posts"}],"about":[{"href":"http:\/\/desarrollo.grupomedios.com\/futbol\/wp-json\/wp\/v2\/types\/post"}],"author":[{"embeddable":true,"href":"http:\/\/desarrollo.grupomedios.com\/futbol\/wp-json\/wp\/v2\/users\/20"}],"replies":[{"embeddable":true,"href":"http:\/\/desarrollo.grupomedios.com\/futbol\/wp-json\/wp\/v2\/comments?post=475029"}],"version-history":[{"count":1,"href":"http:\/\/desarrollo.grupomedios.com\/futbol\/wp-json\/wp\/v2\/posts\/475029\/revisions"}],"predecessor-version":[{"id":475034,"href":"http:\/\/desarrollo.grupomedios.com\/futbol\/wp-json\/wp\/v2\/posts\/475029\/revisions\/475034"}],"wp:featuredmedia":[{"embeddable":true,"href":"http:\/\/desarrollo.grupomedios.com\/futbol\/wp-json\/wp\/v2\/media\/475030"}],"wp:attachment":[{"href":"http:\/\/desarrollo.grupomedios.com\/futbol\/wp-json\/wp\/v2\/media?parent=475029"}],"wp:term":[{"taxonomy":"category","embeddable":true,"href":"http:\/\/desarrollo.grupomedios.com\/futbol\/wp-json\/wp\/v2\/categories?post=475029"},{"taxonomy":"post_tag","embeddable":true,"href":"http:\/\/desarrollo.grupomedios.com\/futbol\/wp-json\/wp\/v2\/tags?post=475029"}],"curies":[{"name":"wp","href":"https:\/\/api.w.org\/{rel}","templated":true}]}}