{"id":475047,"date":"2017-04-20T19:32:17","date_gmt":"2017-04-21T00:32:17","guid":{"rendered":"https:\/\/www.futboltotal.com.mx\/?p=475047"},"modified":"2017-04-20T19:32:17","modified_gmt":"2017-04-21T00:32:17","slug":"raiders-vs-patriots-ya-fecha-hora-en-mexico","status":"publish","type":"post","link":"http:\/\/desarrollo.grupomedios.com\/futbol\/no-todo-es-futbol\/raiders-vs-patriots-ya-fecha-hora-en-mexico\/2017\/04","title":{"rendered":"\u00a1Raiders vs Patriots ya tiene fecha y hora en M\u00e9xico!"},"content":{"rendered":"<p>Los <strong>Raiders de Oakland<\/strong> y los <strong>Patriotas de Nueva Inglaterra<\/strong> jugar\u00e1n el 19 de noviembre un partido oficial en el Estadio Azteca de Ciudad de M\u00e9xico, inform\u00f3 hoy la oficina de la NFL en este pa\u00eds.<\/p>\n<p>El encuentro en M\u00e9xico ser\u00e1 el quinto que se jugar\u00e1 fuera de Estados Unidos en la presente temporada. Antes se anunciaron cuatro en Londres.<\/p>\n<blockquote class=\"twitter-tweet\" data-lang=\"es\">\n<p dir=\"ltr\" lang=\"es\">La Pasi\u00f3n de la NFL Vuelve a &#x1f1f2;&#x1f1fd; con el Duelo:<a href=\"https:\/\/twitter.com\/Patriots\">@Patriots<\/a> vs. <a href=\"https:\/\/twitter.com\/RAIDERS\">@RAIDERS<\/a><a href=\"https:\/\/twitter.com\/hashtag\/NFLM%C3%A9xico?src=hash\">#NFLM\u00e9xico<\/a> 19.11.17<br \/>\nReg\u00edstrate Para M\u00e1s Info: <a href=\"https:\/\/t.co\/WrF05SHFui\">https:\/\/t.co\/WrF05SHFui<\/a> <a href=\"https:\/\/t.co\/KnJoHr7mlQ\">pic.twitter.com\/KnJoHr7mlQ<\/a><\/p>\n<p>\u2014 NFL M\u00e9xico (@nflmx) <a href=\"https:\/\/twitter.com\/nflmx\/status\/855170510803673088\">20 de abril de 2017<\/a><\/p><\/blockquote>\n<p><script async src=\"\/\/platform.twitter.com\/widgets.js\" charset=\"utf-8\"><\/script><\/p>\n<p>Adem\u00e1s, &#8220;es parte del compromiso que la <strong>NFL<\/strong> tiene de hacer crecer el juego m\u00e1s all\u00e1 de Estados Unidos&#8221;, inform\u00f3 la fuente mediante un comunicado. Los<strong> Raiders<\/strong> jugar\u00e1n en M\u00e9xico por segunda temporada consecutiva.<\/p>\n<p style=\"text-align: center;\"><span style=\"color: #3366ff;\"><a style=\"color: #3366ff;\" href=\"https:\/\/www.futboltotal.com.mx\/2017\/04\/aaron-hernandez-se-suicido-en-celda\/\" target=\"_blank\"><strong>VER M\u00c1S: Ex jugador de NFL se suicida en prisi\u00f3n<\/strong><\/a><\/span><\/p>\n<p>El 21 de noviembre de 2016 derrotaron por 27-20 a los Texans de Houston ante 76.473 aficionados en el primer <em>Monday Night Footbal<\/em>, el <em>primer partido de lunes por la noche<\/em> jugado fuera de Estados Unidos. Para los <strong>Patriots<\/strong>, actuales campeones de la NFL, \u00e9ste ser\u00e1 su primer partido de temporada regular en M\u00e9xico.<\/p>\n<blockquote class=\"twitter-tweet\" data-lang=\"es\">\n<p dir=\"ltr\" lang=\"es\">\u00a1M\u00e9xico, tenemos una cita contigo! <a href=\"https:\/\/t.co\/dXt8PKsMi0\">https:\/\/t.co\/dXt8PKsMi0<\/a> <a href=\"https:\/\/t.co\/I02BhXg1Fy\">pic.twitter.com\/I02BhXg1Fy<\/a><\/p>\n<p>\u2014 Patriots Espa\u00f1ol (@patriotsespanol) <a href=\"https:\/\/twitter.com\/patriotsespanol\/status\/855169140457443329\">20 de abril de 2017<\/a><\/p><\/blockquote>\n<p><script async src=\"\/\/platform.twitter.com\/widgets.js\" charset=\"utf-8\"><\/script><\/p>\n<p><strong>S\u00edguenos en Twitter<\/strong>: <a href=\"https:\/\/twitter.com\/MXFutbolTotal\" target=\"_blank\">@MXFutbolTotal<\/a><\/p>\n","protected":false},"excerpt":{"rendered":"<p>Anuncian la agenda el juego de NFL en nuestro pa\u00eds.<\/p>\n","protected":false},"author":144,"featured_media":475048,"comment_status":"closed","ping_status":"closed","sticky":false,"template":"","format":"standard","meta":[],"categories":[5811,5418,6411],"tags":[4395,5461],"_links":{"self":[{"href":"http:\/\/desarrollo.grupomedios.com\/futbol\/wp-json\/wp\/v2\/posts\/475047"}],"collection":[{"href":"http:\/\/desarrollo.grupomedios.com\/futbol\/wp-json\/wp\/v2\/posts"}],"about":[{"href":"http:\/\/desarrollo.grupomedios.com\/futbol\/wp-json\/wp\/v2\/types\/post"}],"author":[{"embeddable":true,"href":"http:\/\/desarrollo.grupomedios.com\/futbol\/wp-json\/wp\/v2\/users\/144"}],"replies":[{"embeddable":true,"href":"http:\/\/desarrollo.grupomedios.com\/futbol\/wp-json\/wp\/v2\/comments?post=475047"}],"version-history":[{"count":1,"href":"http:\/\/desarrollo.grupomedios.com\/futbol\/wp-json\/wp\/v2\/posts\/475047\/revisions"}],"predecessor-version":[{"id":475049,"href":"http:\/\/desarrollo.grupomedios.com\/futbol\/wp-json\/wp\/v2\/posts\/475047\/revisions\/475049"}],"wp:featuredmedia":[{"embeddable":true,"href":"http:\/\/desarrollo.grupomedios.com\/futbol\/wp-json\/wp\/v2\/media\/475048"}],"wp:attachment":[{"href":"http:\/\/desarrollo.grupomedios.com\/futbol\/wp-json\/wp\/v2\/media?parent=475047"}],"wp:term":[{"taxonomy":"category","embeddable":true,"href":"http:\/\/desarrollo.grupomedios.com\/futbol\/wp-json\/wp\/v2\/categories?post=475047"},{"taxonomy":"post_tag","embeddable":true,"href":"http:\/\/desarrollo.grupomedios.com\/futbol\/wp-json\/wp\/v2\/tags?post=475047"}],"curies":[{"name":"wp","href":"https:\/\/api.w.org\/{rel}","templated":true}]}}