{"id":475083,"date":"2017-04-21T05:45:13","date_gmt":"2017-04-21T10:45:13","guid":{"rendered":"https:\/\/www.futboltotal.com.mx\/?p=475083"},"modified":"2017-04-21T05:45:13","modified_gmt":"2017-04-21T10:45:13","slug":"definidas-las-semifinales-la-champions-league","status":"publish","type":"post","link":"http:\/\/desarrollo.grupomedios.com\/futbol\/destacado-home\/definidas-las-semifinales-la-champions-league\/2017\/04","title":{"rendered":"\u00a1DEFINIDAS LAS SEMIFINALES DE LA CHAMPIONS LEAGUE!"},"content":{"rendered":"<p>Este viernes en Nyon han sidas definidas las <strong>Semifinales de la UEFA Champions League<\/strong> de la temporada 2016-17, donde los equipos Atl\u00e9tico de Madrid, Juventus, M\u00f3naco y Real Madrid, conocieron su destino rumbo a la Final de Cardiff.<\/p>\n<p>El primero en ser sorteado fue el Real Madrid y en seguida sali\u00f3 su rival, un duro conocido como el Atl\u00e9tico de Madrid. Con el primer partido definido, automaticamente se supo que el otro duelo ser\u00eda entre M\u00f3naco y Juventus.<\/p>\n<p style=\"text-align: center;\"><span style=\"color: #3366ff;\"><a style=\"color: #3366ff;\" href=\"https:\/\/www.futboltotal.com.mx\/2017\/04\/estadio-azteca-volvera-a-casa-cruz-azul\/\">LEER M\u00c1S: \u00a1Estadio Azteca volver\u00e1 a ser casa de Cruz Azul!<\/a><\/span><\/p>\n<blockquote class=\"twitter-tweet\" data-lang=\"es\">\n<p dir=\"ltr\" lang=\"es\">\u26a0\ufe0fSEMIFINALES DE LA <a href=\"https:\/\/twitter.com\/LigadeCampeones\">@LigadeCampeones<\/a> \u26a0\ufe0f<\/p>\n<p>&#x1f1ea;&#x1f1f8; Real Madrid vs Atl\u00e9tico de Madrid &#x1f1ea;&#x1f1f8;<br \/>\n&#x1f1f2;&#x1f1e8; M\u00f3naco vs Juventus &#x1f1ee;&#x1f1f9; <a href=\"https:\/\/twitter.com\/hashtag\/UCLDraw?src=hash\">#UCLDraw<\/a> <a href=\"https:\/\/twitter.com\/hashtag\/SorteoChampions?src=hash\">#SorteoChampions<\/a> <a href=\"https:\/\/t.co\/qjRK51rRUt\">pic.twitter.com\/qjRK51rRUt<\/a><\/p>\n<p>\u2014 Futbol Total (@MXFutbolTotal) <a href=\"https:\/\/twitter.com\/MXFutbolTotal\/status\/855367015330185216\">21 de abril de 2017<\/a><\/p><\/blockquote>\n<p><script async src=\"\/\/platform.twitter.com\/widgets.js\" charset=\"utf-8\"><\/script><\/p>\n<p>Lo \u00fanico que faltaba era\u00a0el acomodo de los juegos y los del principado salieron ganando el partido de vuelta en casa, mientras que la ida se disputar\u00e1 en el Juventus Stadium.<\/p>\n<p>Adem\u00e1s de los duelos, tambi\u00e9n se sorte\u00f3 la llave ganadora que ser\u00e1 la que funja como local en la Final de Cardiff, da la cual sali\u00f3 ganadora la que jugar\u00e1n M\u00f3naco y Juventus.<\/p>\n<p>Los partidos de ida de la<strong> Semifinal de la Champions League<\/strong> se disputar\u00e1n el 2 y 3 de mayo, mientras que la vuelta se jugar\u00e1 el 9 y 10 del mismo mes.<\/p>\n","protected":false},"excerpt":{"rendered":"<p>As\u00ed qued\u00f3 el camino para los equipos que buscan llegar a la Final de Cardiff.<\/p>\n","protected":false},"author":20,"featured_media":422158,"comment_status":"closed","ping_status":"closed","sticky":false,"template":"","format":"standard","meta":[],"categories":[5,3839],"tags":[6007,36,5999,6093,5988],"_links":{"self":[{"href":"http:\/\/desarrollo.grupomedios.com\/futbol\/wp-json\/wp\/v2\/posts\/475083"}],"collection":[{"href":"http:\/\/desarrollo.grupomedios.com\/futbol\/wp-json\/wp\/v2\/posts"}],"about":[{"href":"http:\/\/desarrollo.grupomedios.com\/futbol\/wp-json\/wp\/v2\/types\/post"}],"author":[{"embeddable":true,"href":"http:\/\/desarrollo.grupomedios.com\/futbol\/wp-json\/wp\/v2\/users\/20"}],"replies":[{"embeddable":true,"href":"http:\/\/desarrollo.grupomedios.com\/futbol\/wp-json\/wp\/v2\/comments?post=475083"}],"version-history":[{"count":1,"href":"http:\/\/desarrollo.grupomedios.com\/futbol\/wp-json\/wp\/v2\/posts\/475083\/revisions"}],"predecessor-version":[{"id":475084,"href":"http:\/\/desarrollo.grupomedios.com\/futbol\/wp-json\/wp\/v2\/posts\/475083\/revisions\/475084"}],"wp:featuredmedia":[{"embeddable":true,"href":"http:\/\/desarrollo.grupomedios.com\/futbol\/wp-json\/wp\/v2\/media\/422158"}],"wp:attachment":[{"href":"http:\/\/desarrollo.grupomedios.com\/futbol\/wp-json\/wp\/v2\/media?parent=475083"}],"wp:term":[{"taxonomy":"category","embeddable":true,"href":"http:\/\/desarrollo.grupomedios.com\/futbol\/wp-json\/wp\/v2\/categories?post=475083"},{"taxonomy":"post_tag","embeddable":true,"href":"http:\/\/desarrollo.grupomedios.com\/futbol\/wp-json\/wp\/v2\/tags?post=475083"}],"curies":[{"name":"wp","href":"https:\/\/api.w.org\/{rel}","templated":true}]}}