{"id":475127,"date":"2017-04-21T11:29:53","date_gmt":"2017-04-21T16:29:53","guid":{"rendered":"https:\/\/www.futboltotal.com.mx\/?p=475127"},"modified":"2017-04-21T11:29:53","modified_gmt":"2017-04-21T16:29:53","slug":"jugador-pachuca-sub-13-causo-pelea-america-es-castigado","status":"publish","type":"post","link":"http:\/\/desarrollo.grupomedios.com\/futbol\/futbol-mexicano\/jugador-pachuca-sub-13-causo-pelea-america-es-castigado\/2017\/04","title":{"rendered":"Jugador de Pachuca sub 13 que caus\u00f3 pelea con Am\u00e9rica es castigado"},"content":{"rendered":"<p>La pelea que hace d\u00edas ocurri\u00f3 entre jugadores de <strong>Pachuca<\/strong> y <strong>Am\u00e9rica<\/strong> Sub 13 ha tra\u00eddo consecuencias, luego de que la Comisi\u00f3n Disciplinaria anunci\u00f3 la suspensi\u00f3n de 6 partidos para <strong>Joseph Karim Estrada\u00a0Rend\u00f3n<\/strong>, el futbolista de los <em>Tuzos<\/em> inici\u00f3 todo al golpear a dos jugadores de las <em>\u00c1guilas<\/em>.<\/p>\n<p>Apenas se hab\u00eda escuchado el silbatazo final, los jugadores americanistas comenzaron a festejar su pase a cuartos de final, escena que caus\u00f3 el enojo del juvenil de los <em>Tuzos<\/em>, quien atac\u00f3 a los futbolistas Jeshua de Anda, capit\u00e1n azulcrema, y el portero Erick Gonz\u00e1lez.<\/p>\n<p style=\"text-align: center;\"><span style=\"color: #003366;\"><a style=\"color: #003366;\" href=\"https:\/\/www.futboltotal.com.mx\/2017\/04\/america-pachuca-sub-13-se-agarran-a-golpes-al-termino-del-partido\/\">VER M\u00c1S: Am\u00e9rica y Pachuca Sub 13 se agarran a golpes al t\u00e9rmino del partido<\/a><\/span><\/p>\n<p>Con esta decisi\u00f3n de la Comisi\u00f3n Disciplinaria este hecho no ha quedado impune, decisi\u00f3n anunciada el jueves 20 de abril, un d\u00eda antes de que se disputen las semifinales y final del torneo de divisiones inferiores de Liga MX.<\/p>\n<p class=\"p1\"><span class=\"s1\"><b>S\u00edguenos en Twitter<\/b>:\u00a0<a href=\"https:\/\/twitter.com\/MXFutbolTotal\"><span class=\"s2\">@MXFutbolTotal<\/span><\/a><\/span><\/p>\n","protected":false},"excerpt":{"rendered":"<p>Joseph Karim Estrada Rend\u00f3n fue el jugador de los Tuzos que golpe\u00f3 a dos americanistas.<\/p>\n","protected":false},"author":20,"featured_media":475128,"comment_status":"closed","ping_status":"closed","sticky":false,"template":"","format":"standard","meta":[],"categories":[2198,3845],"tags":[1585,5959,8494,6272,64,5968,8493,6499,73],"_links":{"self":[{"href":"http:\/\/desarrollo.grupomedios.com\/futbol\/wp-json\/wp\/v2\/posts\/475127"}],"collection":[{"href":"http:\/\/desarrollo.grupomedios.com\/futbol\/wp-json\/wp\/v2\/posts"}],"about":[{"href":"http:\/\/desarrollo.grupomedios.com\/futbol\/wp-json\/wp\/v2\/types\/post"}],"author":[{"embeddable":true,"href":"http:\/\/desarrollo.grupomedios.com\/futbol\/wp-json\/wp\/v2\/users\/20"}],"replies":[{"embeddable":true,"href":"http:\/\/desarrollo.grupomedios.com\/futbol\/wp-json\/wp\/v2\/comments?post=475127"}],"version-history":[{"count":1,"href":"http:\/\/desarrollo.grupomedios.com\/futbol\/wp-json\/wp\/v2\/posts\/475127\/revisions"}],"predecessor-version":[{"id":475129,"href":"http:\/\/desarrollo.grupomedios.com\/futbol\/wp-json\/wp\/v2\/posts\/475127\/revisions\/475129"}],"wp:featuredmedia":[{"embeddable":true,"href":"http:\/\/desarrollo.grupomedios.com\/futbol\/wp-json\/wp\/v2\/media\/475128"}],"wp:attachment":[{"href":"http:\/\/desarrollo.grupomedios.com\/futbol\/wp-json\/wp\/v2\/media?parent=475127"}],"wp:term":[{"taxonomy":"category","embeddable":true,"href":"http:\/\/desarrollo.grupomedios.com\/futbol\/wp-json\/wp\/v2\/categories?post=475127"},{"taxonomy":"post_tag","embeddable":true,"href":"http:\/\/desarrollo.grupomedios.com\/futbol\/wp-json\/wp\/v2\/tags?post=475127"}],"curies":[{"name":"wp","href":"https:\/\/api.w.org\/{rel}","templated":true}]}}