{"id":475130,"date":"2017-04-21T11:58:35","date_gmt":"2017-04-21T16:58:35","guid":{"rendered":"https:\/\/www.futboltotal.com.mx\/?p=475130"},"modified":"2017-04-21T11:58:35","modified_gmt":"2017-04-21T16:58:35","slug":"pique-tunde-al-real-madrid-previo-al-clasico","status":"publish","type":"post","link":"http:\/\/desarrollo.grupomedios.com\/futbol\/futbol-internacional\/pique-tunde-al-real-madrid-previo-al-clasico\/2017\/04","title":{"rendered":"Piqu\u00e9 tunde al Real Madrid previo al Cl\u00e1sico"},"content":{"rendered":"<p>Luego de la <a href=\"https:\/\/www.futboltotal.com.mx\/2017\/04\/resultados-champions-league-barcelona-0-0-juventus\/\" target=\"_blank\">eliminaci\u00f3n del Barcelona ante la Juventus en el Champions League<\/a>, el Camp Nou aplaudi\u00f3 el esfuerzo de su equipo y apoy\u00f3 en todo momento pese a la derrota.<\/p>\n<p>El defensa central de los<em> Blaugranas<\/em>, Gerard Piqu\u00e9, agradeci\u00f3 estos hechos tras el partido y se dijo orgulloso de la afici\u00f3n por la forma en que los despidieron.<\/p>\n<p><iframe loading=\"lazy\" src=\"https:\/\/www.youtube.com\/embed\/saIR-MdBLBc?feature=oembed\" frameborder=\"0\" allowfullscreen><\/iframe><\/p>\n<p>Los que cuestionaron los aplausos fueron los del diario Marca, que tiene tendencias hacia el cuadro Merengue. En su portal, el diario public\u00f3 una encuesta preguntando a la gente si estaba de acuerdo con lo realizado por el Camp Nou.<\/p>\n<p>De quien no esperaban la respuesta fue de Piqu\u00e9, quien a trav\u00e9s de su cuenta de Twitter, aprovech\u00f3 para lanzar una indirecta al Real Madrid, rival que enfrentar\u00e1 el pr\u00f3ximo domingo en el Santiago Bernab\u00e9u.<\/p>\n<blockquote class=\"twitter-tweet\" data-lang=\"es\">\n<p dir=\"ltr\" lang=\"es\">Escuece ver como el Camp Nou aplaude a su equipo a pesar de quedar eliminado. Est\u00e1n acostumbrados a los silbidos, a pesar de clasificarse&#8230; <a href=\"https:\/\/t.co\/FI0B6z1Nwp\">pic.twitter.com\/FI0B6z1Nwp<\/a><\/p>\n<p>\u2014 Gerard Piqu\u00e9 (@3gerardpique) <a href=\"https:\/\/twitter.com\/3gerardpique\/status\/855012579890122752\">20 de abril de 2017<\/a><\/p><\/blockquote>\n<p><script async src=\"\/\/platform.twitter.com\/widgets.js\" charset=\"utf-8\"><\/script><\/p>\n","protected":false},"excerpt":{"rendered":"<p>El Blaugrana respondi\u00f3 a un diario espa\u00f1ol.<\/p>\n","protected":false},"author":20,"featured_media":462674,"comment_status":"closed","ping_status":"closed","sticky":false,"template":"","format":"standard","meta":[],"categories":[3839],"tags":[5984,841,5988],"_links":{"self":[{"href":"http:\/\/desarrollo.grupomedios.com\/futbol\/wp-json\/wp\/v2\/posts\/475130"}],"collection":[{"href":"http:\/\/desarrollo.grupomedios.com\/futbol\/wp-json\/wp\/v2\/posts"}],"about":[{"href":"http:\/\/desarrollo.grupomedios.com\/futbol\/wp-json\/wp\/v2\/types\/post"}],"author":[{"embeddable":true,"href":"http:\/\/desarrollo.grupomedios.com\/futbol\/wp-json\/wp\/v2\/users\/20"}],"replies":[{"embeddable":true,"href":"http:\/\/desarrollo.grupomedios.com\/futbol\/wp-json\/wp\/v2\/comments?post=475130"}],"version-history":[{"count":1,"href":"http:\/\/desarrollo.grupomedios.com\/futbol\/wp-json\/wp\/v2\/posts\/475130\/revisions"}],"predecessor-version":[{"id":475132,"href":"http:\/\/desarrollo.grupomedios.com\/futbol\/wp-json\/wp\/v2\/posts\/475130\/revisions\/475132"}],"wp:featuredmedia":[{"embeddable":true,"href":"http:\/\/desarrollo.grupomedios.com\/futbol\/wp-json\/wp\/v2\/media\/462674"}],"wp:attachment":[{"href":"http:\/\/desarrollo.grupomedios.com\/futbol\/wp-json\/wp\/v2\/media?parent=475130"}],"wp:term":[{"taxonomy":"category","embeddable":true,"href":"http:\/\/desarrollo.grupomedios.com\/futbol\/wp-json\/wp\/v2\/categories?post=475130"},{"taxonomy":"post_tag","embeddable":true,"href":"http:\/\/desarrollo.grupomedios.com\/futbol\/wp-json\/wp\/v2\/tags?post=475130"}],"curies":[{"name":"wp","href":"https:\/\/api.w.org\/{rel}","templated":true}]}}