{"id":475149,"date":"2017-04-21T13:46:38","date_gmt":"2017-04-21T18:46:38","guid":{"rendered":"https:\/\/www.futboltotal.com.mx\/?p=475149"},"modified":"2017-04-21T13:46:38","modified_gmt":"2017-04-21T18:46:38","slug":"pronto-habria-3-mexicanos-en-la-bundesliga-uno-wolfsburg","status":"publish","type":"post","link":"http:\/\/desarrollo.grupomedios.com\/futbol\/futbol-internacional\/pronto-habria-3-mexicanos-en-la-bundesliga-uno-wolfsburg\/2017\/04","title":{"rendered":"Pronto habr\u00eda 3 mexicanos en la Bundesliga, uno con el Wolfsburg"},"content":{"rendered":"<p>Ligas futbol\u00edsticas europeas de primer nivel como la <strong>Bundesliga<\/strong> siguen creyendo en el talento de jugadores mexicanos, por algo <strong>Javier <em>Chicharito<\/em> Hern\u00e1ndez<\/strong> y <strong>Marco Fabi\u00e1n<\/strong> triunfan con el <strong>Bayer Leverkusen<\/strong> y <strong>Eintracht Frankfurt<\/strong> respectivamente, pero un tercer futbolista azteca estar\u00eda cerca de jugar en la Primera Divisi\u00f3n alemana: <strong>Adri\u00e1n Goransch<\/strong>.<\/p>\n<p>Este juvenil de tan solo 18 a\u00f1os ya es parte del <strong>Wolfsburg<\/strong> y juega en su equipo Sub 19, por lo que la <strong>Bundesliga<\/strong> decidi\u00f3 destacarlo en su cuenta de Twitter.<\/p>\n<p style=\"text-align: center;\"><span style=\"color: #000080;\"><a style=\"color: #000080;\" href=\"https:\/\/www.futboltotal.com.mx\/2017\/01\/adrian-goransch-tercer-mexicano-juega-en-alemania\/\">VER M\u00c1S: Adri\u00e1n Goransch, el tercer mexicano que juega en Alemania<\/a><\/span><\/p>\n<p>&nbsp;<\/p>\n<blockquote class=\"twitter-tweet\" data-lang=\"es\">\n<p dir=\"ltr\" lang=\"es\">.<a href=\"https:\/\/twitter.com\/CH14_\">@CH14_<\/a>, <a href=\"https:\/\/twitter.com\/MarcoFabian_10\">@MarcoFabian_10<\/a> y\u2026 \u00a1Adri\u00e1n <a href=\"https:\/\/twitter.com\/hashtag\/Goransch?src=hash\">#Goransch<\/a> del <a href=\"https:\/\/twitter.com\/VfLWolfsburg_ES\">@VfLWolfsburg_ES<\/a>! Conozcan al tercer &#x1f1f2;&#x1f1fd; de la <a href=\"https:\/\/twitter.com\/hashtag\/Bundesliga?src=hash\">#Bundesliga<\/a>. &#x1f449;<a href=\"https:\/\/t.co\/XtFYLjBmNG\">https:\/\/t.co\/XtFYLjBmNG<\/a> <a href=\"https:\/\/t.co\/WaVTWl2yYA\">pic.twitter.com\/WaVTWl2yYA<\/a><\/p>\n<p>\u2014 Bundesliga Espa\u00f1ol (@Bundesliga_ES) <a href=\"https:\/\/twitter.com\/Bundesliga_ES\/status\/855444801990295552\">21 de abril de 2017<\/a><\/p><\/blockquote>\n<p><script async src=\"\/\/platform.twitter.com\/widgets.js\" charset=\"utf-8\"><\/script><\/p>\n<p>Seg\u00fan el portal de la liga alemana, el mediocampista del Wolfsburg recientemente fue campe\u00f3n con su club en la categor\u00eda sub 19 y los <em>Lobos<\/em> (como se conoce a este equipo) pronto analizar\u00edan promoverlo al primer equipo, siendo as\u00ed ya 3 mexicanos en la Bundesliga.<\/p>\n<p>Adem\u00e1s,\u00a0Goransch parece tener la ilusi\u00f3n de, en su momento, jugar con la <strong>Selecci\u00f3n Mexicana<\/strong>, pues\u00a0Dennis te Klose, responsable de Selecciones Menores del Tri, le est\u00e1 siguiendo y ya ha tenido contactos con \u00e9l.<\/p>\n<p style=\"text-align: center;\"><span style=\"color: #000080;\"><a style=\"color: #000080;\" href=\"https:\/\/www.futboltotal.com.mx\/2017\/04\/diego-lainez-da-de-que-hablar-en-espana-y-lo-comparan-con-messi\/\">VER M\u00c1S: Lainez da de qu\u00e9 hablar en Alemania y lo comparan con Messi<\/a><\/span><\/p>\n","protected":false},"excerpt":{"rendered":"<p>Un juvenil de tan solo 18 a\u00f1os ya es parte del Wolfsburg y juega en su equipo Sub 19.<\/p>\n","protected":false},"author":20,"featured_media":456185,"comment_status":"closed","ping_status":"closed","sticky":false,"template":"","format":"standard","meta":[],"categories":[7740,3839,6822,6718],"tags":[8120,119,8121],"_links":{"self":[{"href":"http:\/\/desarrollo.grupomedios.com\/futbol\/wp-json\/wp\/v2\/posts\/475149"}],"collection":[{"href":"http:\/\/desarrollo.grupomedios.com\/futbol\/wp-json\/wp\/v2\/posts"}],"about":[{"href":"http:\/\/desarrollo.grupomedios.com\/futbol\/wp-json\/wp\/v2\/types\/post"}],"author":[{"embeddable":true,"href":"http:\/\/desarrollo.grupomedios.com\/futbol\/wp-json\/wp\/v2\/users\/20"}],"replies":[{"embeddable":true,"href":"http:\/\/desarrollo.grupomedios.com\/futbol\/wp-json\/wp\/v2\/comments?post=475149"}],"version-history":[{"count":1,"href":"http:\/\/desarrollo.grupomedios.com\/futbol\/wp-json\/wp\/v2\/posts\/475149\/revisions"}],"predecessor-version":[{"id":475153,"href":"http:\/\/desarrollo.grupomedios.com\/futbol\/wp-json\/wp\/v2\/posts\/475149\/revisions\/475153"}],"wp:featuredmedia":[{"embeddable":true,"href":"http:\/\/desarrollo.grupomedios.com\/futbol\/wp-json\/wp\/v2\/media\/456185"}],"wp:attachment":[{"href":"http:\/\/desarrollo.grupomedios.com\/futbol\/wp-json\/wp\/v2\/media?parent=475149"}],"wp:term":[{"taxonomy":"category","embeddable":true,"href":"http:\/\/desarrollo.grupomedios.com\/futbol\/wp-json\/wp\/v2\/categories?post=475149"},{"taxonomy":"post_tag","embeddable":true,"href":"http:\/\/desarrollo.grupomedios.com\/futbol\/wp-json\/wp\/v2\/tags?post=475149"}],"curies":[{"name":"wp","href":"https:\/\/api.w.org\/{rel}","templated":true}]}}