{"id":475159,"date":"2017-04-21T14:36:41","date_gmt":"2017-04-21T19:36:41","guid":{"rendered":"https:\/\/www.futboltotal.com.mx\/?p=475159"},"modified":"2017-04-21T14:36:41","modified_gmt":"2017-04-21T19:36:41","slug":"fallece-entrenador-sub-23-del-tottenham","status":"publish","type":"post","link":"http:\/\/desarrollo.grupomedios.com\/futbol\/futbol-internacional\/fallece-entrenador-sub-23-del-tottenham\/2017\/04","title":{"rendered":"Fallece entrenador sub 23 del Tottenham al t\u00e9rmino de entrenamiento"},"content":{"rendered":"<p class=\"DETALLE_N_titulo \"><span id=\"ctl14_lblMostra\">El exinternacional ingl\u00e9s Ugo Ehiogu, entrenador sub 23 del <span class=\"classCadenaBusqueda\">Tottenham<\/span>, ha fallecido despu\u00e9s de sufrir un paro card\u00edaco durante el d\u00eda de ayer, seg\u00fan ha confirmado el propio club ingl\u00e9s a trav\u00e9s de un comunicado oficial en su p\u00e1gina web.<\/p>\n<p>Ehiogu, de 44 a\u00f1os, se encontraba en el centro de entrenamientos del equipo londinense cuando se vio afectado por el paro card\u00edaco y tuvo que ser trasladado a uno de los hospitales de la ciudad, donde ha permanecido ingresado hasta esta ma\u00f1ana, cuando en las primeras horas del d\u00eda ha fallecido.<\/span><\/p>\n<p class=\"DETALLE_N_titulo \" style=\"text-align: center;\"><span id=\"ctl14_lblMostra\"><span style=\"color: #003366;\"><a style=\"color: #003366;\" href=\"https:\/\/www.futboltotal.com.mx\/2017\/04\/cruz-azul-vs-chivas-duelo-polos-opuestos\/\">VER M\u00c1S: \u00a1Chivas vs. Cruz Azul, duelo de polos opuestos!<\/a><\/span><\/span><\/p>\n<p class=\"DETALLE_N_titulo \" style=\"text-align: left;\"><span id=\"ctl14_lblMostra\"><br \/>\n&#8220;Las palabras no pueden expresar el estado de shock y tristeza que todos sentimos en el club. La inmensa presencia de Ugo ser\u00e1 insustituible. Nuestras sinceras condolencias a su esposa Gemma y su familia&#8221;, dijo en el comunicado John McDermott, jefe de entrenamiento y desarrollo de jugadores del <span class=\"classCadenaBusqueda\">Tottenham<\/span>.<\/p>\n<p>El exfutbolista era en la actualidad entrenador sub-23 del equipo londinense, aunque durante su carrera deportiva se le pudo ver con las camisetas del West Bromwich Albion, Aston Villa, donde estuvo nueve a\u00f1os, Middlesbrough, seis, Leeds United, Glasgow Rangers y Sheffield United.<\/span><\/p>\n<p class=\"DETALLE_N_titulo \" style=\"text-align: center;\"><span id=\"ctl14_lblMostra\" style=\"color: #003366;\"><a style=\"color: #003366;\" href=\"https:\/\/www.futboltotal.com.mx\/2017\/04\/real-madrid-vs-barca-clasico-irregular-los-ultimos-anos\/\">VER M\u00c1S: Real Madrid vs. Barcelona, el Cl\u00e1sico m\u00e1s irregular de los \u00faltimos a\u00f1os<\/a><\/span><\/p>\n<p class=\"DETALLE_N_titulo \" style=\"text-align: left;\"><span id=\"ctl14_lblMostra\"><br \/>\nTambi\u00e9n visti\u00f3 la camiseta nacional de Inglaterra en cuatro ocasiones y marc\u00f3 un gol, anotado ante Espa\u00f1a en un partido amistoso celebrado en el estadio Villa Park de Birmingham que los ingleses ganaron por 3-0.<\/p>\n<p>Fue despu\u00e9s de su retirada, en el a\u00f1o 2009, cuando comenz\u00f3 a trabajar en las categor\u00edas inferiores de Inglaterra y en la cantera del <span class=\"classCadenaBusqueda\">Tottenham<\/span>.<\/span><\/p>\n<p class=\"p1\"><span class=\"s1\"><b>S\u00edguenos en Twitter<\/b>:\u00a0<a href=\"https:\/\/twitter.com\/MXFutbolTotal\"><span class=\"s2\">@MXFutbolTotal<\/span><\/a><\/span><\/p>\n<div id=\"texto\" class=\"texto_txt\"><\/div>\n","protected":false},"excerpt":{"rendered":"<p>Ugo Ehiogu se encontraba en el centro de entrenamientos cuando sufri\u00f3 el paro card\u00edaco.<\/p>\n","protected":false},"author":144,"featured_media":475160,"comment_status":"closed","ping_status":"closed","sticky":false,"template":"","format":"standard","meta":[],"categories":[5419,3839,3846],"tags":[228,8497],"_links":{"self":[{"href":"http:\/\/desarrollo.grupomedios.com\/futbol\/wp-json\/wp\/v2\/posts\/475159"}],"collection":[{"href":"http:\/\/desarrollo.grupomedios.com\/futbol\/wp-json\/wp\/v2\/posts"}],"about":[{"href":"http:\/\/desarrollo.grupomedios.com\/futbol\/wp-json\/wp\/v2\/types\/post"}],"author":[{"embeddable":true,"href":"http:\/\/desarrollo.grupomedios.com\/futbol\/wp-json\/wp\/v2\/users\/144"}],"replies":[{"embeddable":true,"href":"http:\/\/desarrollo.grupomedios.com\/futbol\/wp-json\/wp\/v2\/comments?post=475159"}],"version-history":[{"count":2,"href":"http:\/\/desarrollo.grupomedios.com\/futbol\/wp-json\/wp\/v2\/posts\/475159\/revisions"}],"predecessor-version":[{"id":475162,"href":"http:\/\/desarrollo.grupomedios.com\/futbol\/wp-json\/wp\/v2\/posts\/475159\/revisions\/475162"}],"wp:featuredmedia":[{"embeddable":true,"href":"http:\/\/desarrollo.grupomedios.com\/futbol\/wp-json\/wp\/v2\/media\/475160"}],"wp:attachment":[{"href":"http:\/\/desarrollo.grupomedios.com\/futbol\/wp-json\/wp\/v2\/media?parent=475159"}],"wp:term":[{"taxonomy":"category","embeddable":true,"href":"http:\/\/desarrollo.grupomedios.com\/futbol\/wp-json\/wp\/v2\/categories?post=475159"},{"taxonomy":"post_tag","embeddable":true,"href":"http:\/\/desarrollo.grupomedios.com\/futbol\/wp-json\/wp\/v2\/tags?post=475159"}],"curies":[{"name":"wp","href":"https:\/\/api.w.org\/{rel}","templated":true}]}}