{"id":475163,"date":"2017-04-21T14:50:37","date_gmt":"2017-04-21T19:50:37","guid":{"rendered":"https:\/\/www.futboltotal.com.mx\/?p=475163"},"modified":"2017-04-21T18:53:16","modified_gmt":"2017-04-21T23:53:16","slug":"cobra-fuerza-nuevo-jersey-del-barcelona-siguiente-temporada","status":"publish","type":"post","link":"http:\/\/desarrollo.grupomedios.com\/futbol\/futbol-internacional\/cobra-fuerza-nuevo-jersey-del-barcelona-siguiente-temporada\/2017\/04","title":{"rendered":"Cobra fuerza nuevo jersey del Barcelona para siguiente temporada"},"content":{"rendered":"<p>Luego de que el <strong>Barcelona<\/strong> fuera eliminado en los cuartos de final de la <strong>Champions League<\/strong> y a d\u00edas de que dispute el Cl\u00e1sico ante <strong>Real Madrid<\/strong>, clave para que los cul\u00e9s sigan con esperanzas de ganar el t\u00edtulo de Liga en Espa\u00f1a, han salido nuevas im\u00e1genes del que ser\u00eda el jersey de local del Bar\u00e7a para la pr\u00f3xima temporada.<\/p>\n<p>El portal Todo sobre camisetas filtr\u00f3 fotos de una supuesta nueva playera del Barcelona, que cambiar\u00eda de sus tradicionales franjas verticales\u00a0a franjas m\u00e1s delgadas de lo usual, aunque con los mismos tonos en azul y grana.<\/p>\n<p style=\"text-align: center;\"><span style=\"color: #003366;\"><a style=\"color: #003366;\" href=\"https:\/\/www.futboltotal.com.mx\/2017\/03\/filtran-nuevo-uniforme-del-barcelona\/\">VER M\u00c1S: Filtran el que ser\u00eda el nuevo uniforme del Barcelona<\/a><\/span><\/p>\n<p>El detalle de la Senyera, la bandera de Catalu\u00f1a, se mantiene alrededor del cuello, en lo que parece una combinaci\u00f3n de dise\u00f1os pasados de las playeras del Barcelona.<\/p>\n<p>Hace meses, el sitio Footyheadlines ya hab\u00eda revelado im\u00e1genes de una playera similar a esta, lo que hace creer que la marca deportiva Nike s\u00ed apostar\u00e1 por este dise\u00f1o.<\/p>\n<div id=\"gallerytI9\" style=\"display:none;\"><img alt=\"\" src=\"http:\/\/desarrollo.grupomedios.com\/futbol\/wp-content\/uploads\/2017\/04\/C983e-eUAAACqDE.jpg\" data-image=\"http:\/\/desarrollo.grupomedios.com\/futbol\/wp-content\/uploads\/2017\/04\/C983e-eUAAACqDE.jpg\" data-description=\"C983e-eUAAACqDE\"><img alt=\"\" src=\"http:\/\/desarrollo.grupomedios.com\/futbol\/wp-content\/uploads\/2017\/04\/fc-barcelona-camiseta-2017-18-lk-1.jpg\" data-image=\"http:\/\/desarrollo.grupomedios.com\/futbol\/wp-content\/uploads\/2017\/04\/fc-barcelona-camiseta-2017-18-lk-1.jpg\" data-description=\"fc-barcelona-camiseta-2017-18-lk-1\"><img alt=\"\" src=\"http:\/\/desarrollo.grupomedios.com\/futbol\/wp-content\/uploads\/2017\/04\/fc-barcelona-camiseta-2017-18-lk-2.jpg\" data-image=\"http:\/\/desarrollo.grupomedios.com\/futbol\/wp-content\/uploads\/2017\/04\/fc-barcelona-camiseta-2017-18-lk-2.jpg\" data-description=\"fc-barcelona-camiseta-2017-18-lk-2\"><\/div>\n        <script>\n        \/\/galeria 1\n        jQuery(document).ready(function(){ \n            var api;\n            api = jQuery(\"#gallerytI9\").unitegallery({\n                carousel_autoplay: false\n            }); \n        });\n        <\/script>\n        \n","protected":false},"excerpt":{"rendered":"<p>Un portal filtr\u00f3 fotos de una supuesta nueva playera del Barcelona, que cambiar\u00eda sus franjas horizontales.<\/p>\n","protected":false},"author":20,"featured_media":457970,"comment_status":"closed","ping_status":"closed","sticky":false,"template":"","format":"standard","meta":[],"categories":[3839,3844],"tags":[2086,5984,1624],"_links":{"self":[{"href":"http:\/\/desarrollo.grupomedios.com\/futbol\/wp-json\/wp\/v2\/posts\/475163"}],"collection":[{"href":"http:\/\/desarrollo.grupomedios.com\/futbol\/wp-json\/wp\/v2\/posts"}],"about":[{"href":"http:\/\/desarrollo.grupomedios.com\/futbol\/wp-json\/wp\/v2\/types\/post"}],"author":[{"embeddable":true,"href":"http:\/\/desarrollo.grupomedios.com\/futbol\/wp-json\/wp\/v2\/users\/20"}],"replies":[{"embeddable":true,"href":"http:\/\/desarrollo.grupomedios.com\/futbol\/wp-json\/wp\/v2\/comments?post=475163"}],"version-history":[{"count":2,"href":"http:\/\/desarrollo.grupomedios.com\/futbol\/wp-json\/wp\/v2\/posts\/475163\/revisions"}],"predecessor-version":[{"id":475216,"href":"http:\/\/desarrollo.grupomedios.com\/futbol\/wp-json\/wp\/v2\/posts\/475163\/revisions\/475216"}],"wp:featuredmedia":[{"embeddable":true,"href":"http:\/\/desarrollo.grupomedios.com\/futbol\/wp-json\/wp\/v2\/media\/457970"}],"wp:attachment":[{"href":"http:\/\/desarrollo.grupomedios.com\/futbol\/wp-json\/wp\/v2\/media?parent=475163"}],"wp:term":[{"taxonomy":"category","embeddable":true,"href":"http:\/\/desarrollo.grupomedios.com\/futbol\/wp-json\/wp\/v2\/categories?post=475163"},{"taxonomy":"post_tag","embeddable":true,"href":"http:\/\/desarrollo.grupomedios.com\/futbol\/wp-json\/wp\/v2\/tags?post=475163"}],"curies":[{"name":"wp","href":"https:\/\/api.w.org\/{rel}","templated":true}]}}