{"id":475173,"date":"2017-04-21T15:20:38","date_gmt":"2017-04-21T20:20:38","guid":{"rendered":"https:\/\/www.futboltotal.com.mx\/?p=475173"},"modified":"2017-04-21T15:22:02","modified_gmt":"2017-04-21T20:22:02","slug":"juventus-fichaje-millonario-uruguayo-rodrigo-bentancur","status":"publish","type":"post","link":"http:\/\/desarrollo.grupomedios.com\/futbol\/futbol-internacional\/juventus-fichaje-millonario-uruguayo-rodrigo-bentancur\/2017\/04","title":{"rendered":"Juventus adquiere a jugador uruguayo en fichaje millonario"},"content":{"rendered":"<p>El <strong>Juventus de Tur\u00edn<\/strong> oficializ\u00f3 hoy el fichaje del centrocampista uruguayo <strong>Rodrigo Bentancur<\/strong>, por el que abonar\u00e1 nueve millones y medio de euros al Boca Juniors argentino.<\/p>\n<p>Bentancur, de 19 a\u00f1os, se convierte de esta manera en la primera incorporaci\u00f3n del <strong>Juventus<\/strong> para la pr\u00f3xima temporada y firm\u00f3 un contrato de cinco a\u00f1os, hasta el junio de 2022, seg\u00fan inform\u00f3 el club turin\u00e9s mediante un comunicado en su p\u00e1gina web.<\/p>\n<p>&#8220;El Juventus comunica que cerr\u00f3 el acuerdo con el Boca Juniors para adquirir el derecho a las prestaciones deportivas del futbolista <strong>Rodrigo Bentancur<\/strong> a cambio de 9,5 millones de euros (unos 10.1 millones de d\u00f3lares)&#8221;, se lee en el comunicado.<\/p>\n<p>El club italiano inform\u00f3 adem\u00e1s de que el acuerdo con el Boca prev\u00e9 una serie de variables ligadas a las actuaciones de Bentancur y que el club argentino tiene derecho al 50 por ciento de los ingresos generados por una eventual venta del futbolista.<\/p>\n<p style=\"text-align: center;\"><span style=\"color: #3366ff;\"><a style=\"color: #3366ff;\" href=\"https:\/\/www.futboltotal.com.mx\/2017\/04\/diego-lainez-da-de-que-hablar-en-espana-y-lo-comparan-con-messi\/\" target=\"_blank\"><strong>VER M\u00c1S: Un jugador mexicano es admirado en Espa\u00f1a<\/strong><\/a><\/span><\/p>\n<p>El centrocampista se form\u00f3 en los juveniles del Boca Juniors y en su primera temporada con el primer equipo (2014-2015) conquist\u00f3 el campeonato liguero y la Copa nacional y marc\u00f3 su primer gol oficial el a\u00f1o siguiente.<\/p>\n<p>Sus buenas actuaciones le permitieron hacerse con un papel de protagonista tambi\u00e9n en la selecci\u00f3n uruguaya Sub 20, con la que gan\u00f3 el Campeonato Sudamericano de Ecuador el pasado enero.<\/p>\n<p>Bentancur se incorporar\u00e1 el pr\u00f3ximo 1 de julio al equipo que domina desde hace cinco a\u00f1os la Serie A italiana (Primera Divisi\u00f3n).<\/p>\n<p><strong>S\u00edguenos en Twitter<\/strong>: <a href=\"https:\/\/twitter.com\/MXFutbolTotal\" target=\"_blank\">@MXFutbolTotal<\/a><\/p>\n","protected":false},"excerpt":{"rendered":"<p>La Vecchia Signora adquiere a Rodrigo Bentancur, procedente de Boca Juniors.<\/p>\n","protected":false},"author":144,"featured_media":475174,"comment_status":"closed","ping_status":"closed","sticky":false,"template":"","format":"standard","meta":[],"categories":[7740,3839,3848],"tags":[4847,5999],"_links":{"self":[{"href":"http:\/\/desarrollo.grupomedios.com\/futbol\/wp-json\/wp\/v2\/posts\/475173"}],"collection":[{"href":"http:\/\/desarrollo.grupomedios.com\/futbol\/wp-json\/wp\/v2\/posts"}],"about":[{"href":"http:\/\/desarrollo.grupomedios.com\/futbol\/wp-json\/wp\/v2\/types\/post"}],"author":[{"embeddable":true,"href":"http:\/\/desarrollo.grupomedios.com\/futbol\/wp-json\/wp\/v2\/users\/144"}],"replies":[{"embeddable":true,"href":"http:\/\/desarrollo.grupomedios.com\/futbol\/wp-json\/wp\/v2\/comments?post=475173"}],"version-history":[{"count":3,"href":"http:\/\/desarrollo.grupomedios.com\/futbol\/wp-json\/wp\/v2\/posts\/475173\/revisions"}],"predecessor-version":[{"id":475177,"href":"http:\/\/desarrollo.grupomedios.com\/futbol\/wp-json\/wp\/v2\/posts\/475173\/revisions\/475177"}],"wp:featuredmedia":[{"embeddable":true,"href":"http:\/\/desarrollo.grupomedios.com\/futbol\/wp-json\/wp\/v2\/media\/475174"}],"wp:attachment":[{"href":"http:\/\/desarrollo.grupomedios.com\/futbol\/wp-json\/wp\/v2\/media?parent=475173"}],"wp:term":[{"taxonomy":"category","embeddable":true,"href":"http:\/\/desarrollo.grupomedios.com\/futbol\/wp-json\/wp\/v2\/categories?post=475173"},{"taxonomy":"post_tag","embeddable":true,"href":"http:\/\/desarrollo.grupomedios.com\/futbol\/wp-json\/wp\/v2\/tags?post=475173"}],"curies":[{"name":"wp","href":"https:\/\/api.w.org\/{rel}","templated":true}]}}