{"id":475186,"date":"2017-04-21T16:16:28","date_gmt":"2017-04-21T21:16:28","guid":{"rendered":"https:\/\/www.futboltotal.com.mx\/?p=475186"},"modified":"2017-04-21T16:16:28","modified_gmt":"2017-04-21T21:16:28","slug":"mejor-del-mundo-saul-canelo-alvarez","status":"publish","type":"post","link":"http:\/\/desarrollo.grupomedios.com\/futbol\/no-todo-es-futbol\/mejor-del-mundo-saul-canelo-alvarez\/2017\/04","title":{"rendered":"Soy el mejor del mundo: Sa\u00fal Canelo \u00c1lvarez"},"content":{"rendered":"<p>El boxeador mexicano, <strong>Sa\u00fal el Canelo \u00c1lvarez<\/strong>, revel\u00f3 en una entrevista que la lucha contra <strong>Julio C\u00e9sar Ch\u00e1vez Jr.<\/strong>, es igual a otras que ha tenido, as\u00ed que a un par de semanas de la ansiada batalla, ya est\u00e1 m\u00e1s que listo para afrontar a su adversario, hijo de una leyenda del pugilismo nacional.<\/p>\n<p>\u201cGanarle a Julio no me llevar\u00eda a un lugar m\u00e1s alto o me posicionar\u00eda como el mejor del mundo porque ya lo soy y eso de vencerlo no influye absolutamente en nada. \u00c9sta es una pelea m\u00e1s para seguir haciendo historia, pero l\u00f3gicamente soy el mejor peleador del mundo\u201d, indic\u00f3 Sa\u00fal Canelo \u00c1lvarez, en charla con el diario R\u00e9cord.<\/p>\n<p>A pesar de restar importancia al duelo, a nivel profesional, <strong>Sa\u00fal Canelo \u00c1lvarez<\/strong> considera que ser\u00e1 una batalla m\u00e1s que agradable para el p\u00fablico que se d\u00e9 cita el 6 de mayo pr\u00f3ximo en la T-Mobile Arena de Las Vegas.<\/p>\n<p style=\"text-align: center;\"><span style=\"color: #3366ff;\"><a style=\"color: #3366ff;\" href=\"https:\/\/www.futboltotal.com.mx\/2017\/04\/canelo-alvarez-retado-rocky-en-par-comerciales\/\" target=\"_blank\"><strong>LEER M\u00c1S: Rocky aconseja al Canelo<\/strong> <\/a><\/span><\/p>\n<p>&#8220;Sigue prepar\u00e1ndote bien, como lo est\u00e1s haciendo\u201d, con el objetivo de brindar una noche inolvidable el 6 de mayo, en Las Vegas&#8221;, aconseja a<strong> Julio C\u00e9sar Ch\u00e1vez Jr<\/strong>. &#8220;El combate es bastante grande, los estilos van a propiciar una buena pelea y de mi parte voy a entregar todo&#8221;, agrega.<\/p>\n<p>S\u00edguenos en Twitter: <a href=\"https:\/\/twitter.com\/MXFutbolTotal\" target=\"_blank\">@MXFutbolTotal<\/a><\/p>\n","protected":false},"excerpt":{"rendered":"<p>A semanas de la esperada batalla, el p\u00fagil demerita la pelea con Julio C\u00e9sar Ch\u00e1vez Jr.<\/p>\n","protected":false},"author":20,"featured_media":475187,"comment_status":"closed","ping_status":"closed","sticky":false,"template":"","format":"standard","meta":[],"categories":[6282,5418,6411],"tags":[5461],"_links":{"self":[{"href":"http:\/\/desarrollo.grupomedios.com\/futbol\/wp-json\/wp\/v2\/posts\/475186"}],"collection":[{"href":"http:\/\/desarrollo.grupomedios.com\/futbol\/wp-json\/wp\/v2\/posts"}],"about":[{"href":"http:\/\/desarrollo.grupomedios.com\/futbol\/wp-json\/wp\/v2\/types\/post"}],"author":[{"embeddable":true,"href":"http:\/\/desarrollo.grupomedios.com\/futbol\/wp-json\/wp\/v2\/users\/20"}],"replies":[{"embeddable":true,"href":"http:\/\/desarrollo.grupomedios.com\/futbol\/wp-json\/wp\/v2\/comments?post=475186"}],"version-history":[{"count":1,"href":"http:\/\/desarrollo.grupomedios.com\/futbol\/wp-json\/wp\/v2\/posts\/475186\/revisions"}],"predecessor-version":[{"id":475188,"href":"http:\/\/desarrollo.grupomedios.com\/futbol\/wp-json\/wp\/v2\/posts\/475186\/revisions\/475188"}],"wp:featuredmedia":[{"embeddable":true,"href":"http:\/\/desarrollo.grupomedios.com\/futbol\/wp-json\/wp\/v2\/media\/475187"}],"wp:attachment":[{"href":"http:\/\/desarrollo.grupomedios.com\/futbol\/wp-json\/wp\/v2\/media?parent=475186"}],"wp:term":[{"taxonomy":"category","embeddable":true,"href":"http:\/\/desarrollo.grupomedios.com\/futbol\/wp-json\/wp\/v2\/categories?post=475186"},{"taxonomy":"post_tag","embeddable":true,"href":"http:\/\/desarrollo.grupomedios.com\/futbol\/wp-json\/wp\/v2\/tags?post=475186"}],"curies":[{"name":"wp","href":"https:\/\/api.w.org\/{rel}","templated":true}]}}