{"id":475192,"date":"2017-04-21T16:56:49","date_gmt":"2017-04-21T21:56:49","guid":{"rendered":"https:\/\/www.futboltotal.com.mx\/?p=475192"},"modified":"2017-04-21T16:56:49","modified_gmt":"2017-04-21T21:56:49","slug":"importaba-rival-tocara-objetivo-mismo-diego-simeone","status":"publish","type":"post","link":"http:\/\/desarrollo.grupomedios.com\/futbol\/futbol-internacional\/importaba-rival-tocara-objetivo-mismo-diego-simeone\/2017\/04","title":{"rendered":"No importaba qu\u00e9 rival tocara, el objetivo es el mismo: Simeone"},"content":{"rendered":"<p>El argentino <strong>Diego Simeone<\/strong>, entrenador del Atl\u00e9tico de Madrid, dijo este viernes, tras el <a href=\"https:\/\/www.futboltotal.com.mx\/2017\/04\/definidas-las-semifinales-la-champions-league\/\" target=\"_blank\">emparejamiento con el Real Madrid en las semifinales de la Champions League<\/a>, que &#8220;fuera cual fuera el rival iba a ser el mismo objetivo&#8221; de su equipo: alcanzar la final del 3 de junio en Cardiff.<\/p>\n<p>&#8220;Los motivos (para creer en superar la eliminatoria) son m\u00e1s que claros. Siempre es el objetivo de poder llegar a una final y para poder llegar a una final hay que ganarle al rival que te ha tocado en el camino, as\u00ed que fuera cual fuera el rival iba a ser el mismo objetivo y el mismo motivo por el cual querer ganar&#8221;, explic\u00f3.<\/p>\n<p style=\"text-align: center;\"><span style=\"color: #3366ff;\"><a style=\"color: #3366ff;\" href=\"https:\/\/www.futboltotal.com.mx\/2017\/04\/resultados-liga-espana-sevilla-2-0-granada\/\">LEER M\u00c1S: Sevilla dej\u00f3 al Granada y a Ochoa en ca\u00edda libre<\/a><\/span><\/p>\n<p>Tambi\u00e9n fue preguntado por su sensaci\u00f3n cuando toc\u00f3 el Real Madrid en el sorteo de esta ma\u00f1ana en la ciudad suiza de Nyon.<\/p>\n<p>&#8220;Sinceramente, estoy pensando en el Espanyol y en una semana tremenda y muy dura en cuanto a los objetivos importantes que tiene el club de cara a seguir peleando por la tercera plaza (en la Liga). Y, en este momento, no estoy pensando en eso&#8221;, respondi\u00f3 en rueda de prensa. EFE<\/p>\n","protected":false},"excerpt":{"rendered":"<p>El t\u00e9cnico argentino asegur\u00f3 que buscar\u00e1n la Champions. <\/p>\n","protected":false},"author":144,"featured_media":469908,"comment_status":"closed","ping_status":"closed","sticky":false,"template":"","format":"standard","meta":[],"categories":[3839],"tags":[6007,36,5988],"_links":{"self":[{"href":"http:\/\/desarrollo.grupomedios.com\/futbol\/wp-json\/wp\/v2\/posts\/475192"}],"collection":[{"href":"http:\/\/desarrollo.grupomedios.com\/futbol\/wp-json\/wp\/v2\/posts"}],"about":[{"href":"http:\/\/desarrollo.grupomedios.com\/futbol\/wp-json\/wp\/v2\/types\/post"}],"author":[{"embeddable":true,"href":"http:\/\/desarrollo.grupomedios.com\/futbol\/wp-json\/wp\/v2\/users\/144"}],"replies":[{"embeddable":true,"href":"http:\/\/desarrollo.grupomedios.com\/futbol\/wp-json\/wp\/v2\/comments?post=475192"}],"version-history":[{"count":1,"href":"http:\/\/desarrollo.grupomedios.com\/futbol\/wp-json\/wp\/v2\/posts\/475192\/revisions"}],"predecessor-version":[{"id":475193,"href":"http:\/\/desarrollo.grupomedios.com\/futbol\/wp-json\/wp\/v2\/posts\/475192\/revisions\/475193"}],"wp:featuredmedia":[{"embeddable":true,"href":"http:\/\/desarrollo.grupomedios.com\/futbol\/wp-json\/wp\/v2\/media\/469908"}],"wp:attachment":[{"href":"http:\/\/desarrollo.grupomedios.com\/futbol\/wp-json\/wp\/v2\/media?parent=475192"}],"wp:term":[{"taxonomy":"category","embeddable":true,"href":"http:\/\/desarrollo.grupomedios.com\/futbol\/wp-json\/wp\/v2\/categories?post=475192"},{"taxonomy":"post_tag","embeddable":true,"href":"http:\/\/desarrollo.grupomedios.com\/futbol\/wp-json\/wp\/v2\/tags?post=475192"}],"curies":[{"name":"wp","href":"https:\/\/api.w.org\/{rel}","templated":true}]}}