{"id":475339,"date":"2017-04-22T16:47:55","date_gmt":"2017-04-22T21:47:55","guid":{"rendered":"https:\/\/www.futboltotal.com.mx\/?p=475339"},"modified":"2017-04-22T16:47:55","modified_gmt":"2017-04-22T21:47:55","slug":"jorge-vergara-felicita-a-pareja-boda-rojiblanca","status":"publish","type":"post","link":"http:\/\/desarrollo.grupomedios.com\/futbol\/cambio-de-juego\/jorge-vergara-felicita-a-pareja-boda-rojiblanca\/2017\/04","title":{"rendered":"Jorge Vergara felicita a pareja por boda rojiblanca"},"content":{"rendered":"<p>El due\u00f1o de <strong>Chivas<\/strong>, <strong>Jorge Vergara<\/strong>, public\u00f3 una imagen en su cuenta de Twitter, donde felicita a una pareja reci\u00e9n casada, por presentarse a su ceremonia religiosa, portando los colores y el escudo del <em>Reba\u00f1o Sagrado<\/em>. La publicaci\u00f3n gener\u00f3 reacciones de distintas posturas, en la red social.<\/p>\n<p style=\"text-align: center;\"><span style=\"color: #3366ff;\"><a style=\"color: #3366ff;\" href=\"https:\/\/en-vivo.futboltotal.com.mx\/partido\/cruz-azul-vs-chivas-jornada-15-clausura-2017\/28\/\" target=\"_blank\"><strong>VER M\u00c1S: \u00a1Lo mejor del Cruz Azul vs Chivas!<\/strong><\/a><\/span><\/p>\n<blockquote class=\"twitter-tweet\" data-lang=\"es\">\n<p dir=\"ltr\" lang=\"pt\">\u00a1Felicidades! <a href=\"https:\/\/t.co\/pfbJhhQXle\">pic.twitter.com\/pfbJhhQXle<\/a><\/p>\n<p>\u2014 Jorge Vergara M. (@jorgevergara) <a href=\"https:\/\/twitter.com\/jorgevergara\/status\/855853501078831104\">22 de abril de 2017<\/a><\/p><\/blockquote>\n<p><script async src=\"\/\/platform.twitter.com\/widgets.js\" charset=\"utf-8\"><\/script><\/p>\n<p><strong>S\u00edguenos en Twitter:<\/strong> <a href=\"https:\/\/twitter.com\/MXFutbolTotal\" target=\"_blank\">@MXFutbolTotal<\/a><\/p>\n","protected":false},"excerpt":{"rendered":"<p>Un matrimonio se cas\u00f3 portando indumentaria con colores de Chivas.<\/p>\n","protected":false},"author":20,"featured_media":475341,"comment_status":"closed","ping_status":"closed","sticky":false,"template":"","format":"standard","meta":[],"categories":[5419],"tags":[5460,243],"_links":{"self":[{"href":"http:\/\/desarrollo.grupomedios.com\/futbol\/wp-json\/wp\/v2\/posts\/475339"}],"collection":[{"href":"http:\/\/desarrollo.grupomedios.com\/futbol\/wp-json\/wp\/v2\/posts"}],"about":[{"href":"http:\/\/desarrollo.grupomedios.com\/futbol\/wp-json\/wp\/v2\/types\/post"}],"author":[{"embeddable":true,"href":"http:\/\/desarrollo.grupomedios.com\/futbol\/wp-json\/wp\/v2\/users\/20"}],"replies":[{"embeddable":true,"href":"http:\/\/desarrollo.grupomedios.com\/futbol\/wp-json\/wp\/v2\/comments?post=475339"}],"version-history":[{"count":1,"href":"http:\/\/desarrollo.grupomedios.com\/futbol\/wp-json\/wp\/v2\/posts\/475339\/revisions"}],"predecessor-version":[{"id":475342,"href":"http:\/\/desarrollo.grupomedios.com\/futbol\/wp-json\/wp\/v2\/posts\/475339\/revisions\/475342"}],"wp:featuredmedia":[{"embeddable":true,"href":"http:\/\/desarrollo.grupomedios.com\/futbol\/wp-json\/wp\/v2\/media\/475341"}],"wp:attachment":[{"href":"http:\/\/desarrollo.grupomedios.com\/futbol\/wp-json\/wp\/v2\/media?parent=475339"}],"wp:term":[{"taxonomy":"category","embeddable":true,"href":"http:\/\/desarrollo.grupomedios.com\/futbol\/wp-json\/wp\/v2\/categories?post=475339"},{"taxonomy":"post_tag","embeddable":true,"href":"http:\/\/desarrollo.grupomedios.com\/futbol\/wp-json\/wp\/v2\/tags?post=475339"}],"curies":[{"name":"wp","href":"https:\/\/api.w.org\/{rel}","templated":true}]}}