{"id":475465,"date":"2017-04-23T10:20:25","date_gmt":"2017-04-23T15:20:25","guid":{"rendered":"https:\/\/www.futboltotal.com.mx\/?p=475465"},"modified":"2017-04-23T10:20:25","modified_gmt":"2017-04-23T15:20:25","slug":"atlas-se-burlo-del-pachuca-homenaje-a-jose-jose","status":"publish","type":"post","link":"http:\/\/desarrollo.grupomedios.com\/futbol\/futbol-mexicano\/atlas-se-burlo-del-pachuca-homenaje-a-jose-jose\/2017\/04","title":{"rendered":"Atlas se burl\u00f3 del Pachuca y su homenaje a Jos\u00e9 Jos\u00e9"},"content":{"rendered":"<p>Hoy en d\u00eda todo puede ser usado en tu contra para que otros se burlen de ti o te trolleen, m\u00e1s si t\u00fa mismo no te ayudas. Eso fue lo que pas\u00f3 con el <a href=\"https:\/\/www.futboltotal.com.mx\/2017\/04\/resultado-liga-mx-atlas-1-0-pachuca-2\/\"><strong>Pachuca<\/strong>, que luego de perder 1-0 ante el <strong>Atlas<\/strong><\/a> fue v\u00edctima del humor de los <em>Zorros<\/em> en redes sociales.<\/p>\n<p>Los <em>Rojinegros<\/em> aprovecharon que vencieron al rival en turno para publicar una imagen del <em><strong>T\u00edo Tuzo<\/strong><\/em>, mascota y estandarte del cuadro hidalguense en redes sociales, quien est\u00e1 llorando y est\u00e1 acompa\u00f1ado por una frase de una de las canciones m\u00e1s emblem\u00e1ticas del cantante mexicano <strong>Jos\u00e9 Jos\u00e9<\/strong>.<\/p>\n<p style=\"text-align: center;\"><a href=\"https:\/\/www.futboltotal.com.mx\/2017\/04\/los-memes-del-triunfo-cruz-azul-chivas\/\">VER M\u00c1S: Los memes del triunfo de Cruz Azul sobre Chivas<\/a><\/p>\n<p>En d\u00edas pasados, el <strong>Pachuca<\/strong> realiz\u00f3 un homenaje al <em>Pr\u00edncipe de la Canci\u00f3n<\/em>, quien actualmente libra una batalla contra el c\u00e1ncer. Los <em>Tuzos<\/em> repartieron entre los aficionados caretas con la cara de <strong>Jos\u00e9 Jos\u00e9<\/strong>, lo que para muchos m\u00e1s que homenaje fue motivo de burlas y esta vez el <strong>Atlas<\/strong> supo reaccionar en redes con humor.<\/p>\n<p>&nbsp;<\/p>\n<blockquote class=\"twitter-tweet\" data-lang=\"es\">\n<p dir=\"ltr\" lang=\"es\">\u00a1Todos est\u00e1n felices en el Jalisco!&#x1f534;\u26ab\ufe0f<br \/>\nBueno, uno no, pero igual ya se va para su casa. &#x1f61c; <a href=\"https:\/\/t.co\/SxxwP2qYKr\">pic.twitter.com\/SxxwP2qYKr<\/a><\/p>\n<p>\u2014 Atlas FC (@atlasfc) <a href=\"https:\/\/twitter.com\/atlasfc\/status\/855981653264609280\">23 de abril de 2017<\/a><\/p><\/blockquote>\n<p><script async src=\"\/\/platform.twitter.com\/widgets.js\" charset=\"utf-8\"><\/script><\/p>\n","protected":false},"excerpt":{"rendered":"<p>Los Rojinegros trollearon a Pachuca con una imagen del T\u00edo Tuzo y la frase de una canci\u00f3n de Jos\u00e9 Jos\u00e9.<\/p>\n","protected":false},"author":20,"featured_media":475466,"comment_status":"closed","ping_status":"closed","sticky":false,"template":"","format":"standard","meta":[],"categories":[5419,2198,3845],"tags":[5961,7732,64,5968,8498,73,3154],"_links":{"self":[{"href":"http:\/\/desarrollo.grupomedios.com\/futbol\/wp-json\/wp\/v2\/posts\/475465"}],"collection":[{"href":"http:\/\/desarrollo.grupomedios.com\/futbol\/wp-json\/wp\/v2\/posts"}],"about":[{"href":"http:\/\/desarrollo.grupomedios.com\/futbol\/wp-json\/wp\/v2\/types\/post"}],"author":[{"embeddable":true,"href":"http:\/\/desarrollo.grupomedios.com\/futbol\/wp-json\/wp\/v2\/users\/20"}],"replies":[{"embeddable":true,"href":"http:\/\/desarrollo.grupomedios.com\/futbol\/wp-json\/wp\/v2\/comments?post=475465"}],"version-history":[{"count":1,"href":"http:\/\/desarrollo.grupomedios.com\/futbol\/wp-json\/wp\/v2\/posts\/475465\/revisions"}],"predecessor-version":[{"id":475467,"href":"http:\/\/desarrollo.grupomedios.com\/futbol\/wp-json\/wp\/v2\/posts\/475465\/revisions\/475467"}],"wp:featuredmedia":[{"embeddable":true,"href":"http:\/\/desarrollo.grupomedios.com\/futbol\/wp-json\/wp\/v2\/media\/475466"}],"wp:attachment":[{"href":"http:\/\/desarrollo.grupomedios.com\/futbol\/wp-json\/wp\/v2\/media?parent=475465"}],"wp:term":[{"taxonomy":"category","embeddable":true,"href":"http:\/\/desarrollo.grupomedios.com\/futbol\/wp-json\/wp\/v2\/categories?post=475465"},{"taxonomy":"post_tag","embeddable":true,"href":"http:\/\/desarrollo.grupomedios.com\/futbol\/wp-json\/wp\/v2\/tags?post=475465"}],"curies":[{"name":"wp","href":"https:\/\/api.w.org\/{rel}","templated":true}]}}