{"id":475482,"date":"2017-04-23T11:09:36","date_gmt":"2017-04-23T16:09:36","guid":{"rendered":"https:\/\/www.futboltotal.com.mx\/?p=475482"},"modified":"2017-04-23T12:21:57","modified_gmt":"2017-04-23T17:21:57","slug":"psv-guardado-moreno-se-lleva-clasico-ante-ajax","status":"publish","type":"post","link":"http:\/\/desarrollo.grupomedios.com\/futbol\/destacado-home\/psv-guardado-moreno-se-lleva-clasico-ante-ajax\/2017\/04","title":{"rendered":"PSV, con Guardado y Moreno, se lleva el cl\u00e1sico ante Ajax"},"content":{"rendered":"<p>El <strong>PSV Eindhoven<\/strong>, con los mexicanos <strong>Andr\u00e9s Guardado<\/strong> y <strong>H\u00e9ctor Moreno<\/strong> titulares, logr\u00f3 un apretado triunfo de 1-0 ante el <strong>Ajax<\/strong> en el Cl\u00e1sico holand\u00e9s dentro de la jornada 32 de la <strong>Eredivisie<\/strong>.<\/p>\n<p>Los futbolistas aztecas y tambi\u00e9n jugadores de la <strong>Selecci\u00f3n Mexicana<\/strong>, disputaron los 90 minutos de un encuentro aguerrido y clave en las aspiraciones de ambos equipos, pues los dos aspiraban a seguir a la caza del l\u00edder Feyenoord.<\/p>\n<p style=\"text-align: center;\"><span style=\"color: #003366;\"><a style=\"color: #003366;\" href=\"https:\/\/www.futboltotal.com.mx\/2017\/04\/chicharito-volvio-titularidad-pero-leverkusen-perdio-freiburg\/\">VER M\u00c1S: Chicharito volvi\u00f3 a la titularidad, pero Leverkusen perdi\u00f3<\/a><\/span><\/p>\n<p>El \u00fanico gol del juego lo marc\u00f3\u00a0<span class=\"hidden-xxs\" data-type=\"full\">Jurgen<\/span> Locadia al minuto 25 y, aunque el encuentro estuvo lleno de ocasiones de peligro por parte de ambos bandos, no habr\u00eda m\u00e1s anotaciones.<\/p>\n<p>&nbsp;<\/p>\n<blockquote class=\"twitter-video\" data-lang=\"es\">\n<p dir=\"ltr\" lang=\"es\">Locadia met de 1-0&#x1f4aa;&#x1f3fb;&#x1f44c;&#x1f3fb; <a href=\"https:\/\/twitter.com\/hashtag\/psvaja?src=hash\">#psvaja<\/a> <a href=\"https:\/\/t.co\/rMfaABKBmC\">pic.twitter.com\/rMfaABKBmC<\/a><\/p>\n<p>\u2014 Patrick Beekmans (@psv081079) <a href=\"https:\/\/twitter.com\/psv081079\/status\/856164666745245700\">23 de abril de 2017<\/a><\/p><\/blockquote>\n<p><script async src=\"\/\/platform.twitter.com\/widgets.js\" charset=\"utf-8\"><\/script><\/p>\n<p>Incluso, Andr\u00e9s Guardado pudo marcar gol, pero en un claro contragolpe\u00a0Joshua Brenet no le pas\u00f3 el bal\u00f3n y fall\u00f3 hasta en dos ocasiones. H\u00e9ctor Moreno recibi\u00f3 una amonestaci\u00f3n.<\/p>\n<p>Con este resultado, pese a sacar los 3 puntos el PSV ya se olvida de poder ganar una vez m\u00e1s el t\u00edtulo de la Eredivisie, ya que Feyenoord gan\u00f3 en casa del Vitesse y lleg\u00f3 a 79 puntos por 72 del equipo Granjero y ya s\u00f3lo restan seis unidades en disputa. El Ajax a\u00fan aspira al t\u00edtulo al tener 75 puntos.<\/p>\n<p style=\"text-align: center;\"><span style=\"color: #003366;\"><a style=\"color: #003366;\" href=\"https:\/\/www.futboltotal.com.mx\/2017\/04\/asesinado-a-balazos-cunado-arturo-vidal-en-santiago\/\">VER M\u00c1S: Asesinan a balazos a cu\u00f1ado de Arturo Vidal<\/a><\/span><\/p>\n","protected":false},"excerpt":{"rendered":"<p>Guardado y Moreno disputaron los 90 minutos de un encuentro aguerrido ante Ajax.<\/p>\n","protected":false},"author":20,"featured_media":417788,"comment_status":"closed","ping_status":"closed","sticky":false,"template":"","format":"standard","meta":[],"categories":[5,3839,6718],"tags":[1603,6046,4420,5987,2044],"_links":{"self":[{"href":"http:\/\/desarrollo.grupomedios.com\/futbol\/wp-json\/wp\/v2\/posts\/475482"}],"collection":[{"href":"http:\/\/desarrollo.grupomedios.com\/futbol\/wp-json\/wp\/v2\/posts"}],"about":[{"href":"http:\/\/desarrollo.grupomedios.com\/futbol\/wp-json\/wp\/v2\/types\/post"}],"author":[{"embeddable":true,"href":"http:\/\/desarrollo.grupomedios.com\/futbol\/wp-json\/wp\/v2\/users\/20"}],"replies":[{"embeddable":true,"href":"http:\/\/desarrollo.grupomedios.com\/futbol\/wp-json\/wp\/v2\/comments?post=475482"}],"version-history":[{"count":1,"href":"http:\/\/desarrollo.grupomedios.com\/futbol\/wp-json\/wp\/v2\/posts\/475482\/revisions"}],"predecessor-version":[{"id":475483,"href":"http:\/\/desarrollo.grupomedios.com\/futbol\/wp-json\/wp\/v2\/posts\/475482\/revisions\/475483"}],"wp:featuredmedia":[{"embeddable":true,"href":"http:\/\/desarrollo.grupomedios.com\/futbol\/wp-json\/wp\/v2\/media\/417788"}],"wp:attachment":[{"href":"http:\/\/desarrollo.grupomedios.com\/futbol\/wp-json\/wp\/v2\/media?parent=475482"}],"wp:term":[{"taxonomy":"category","embeddable":true,"href":"http:\/\/desarrollo.grupomedios.com\/futbol\/wp-json\/wp\/v2\/categories?post=475482"},{"taxonomy":"post_tag","embeddable":true,"href":"http:\/\/desarrollo.grupomedios.com\/futbol\/wp-json\/wp\/v2\/tags?post=475482"}],"curies":[{"name":"wp","href":"https:\/\/api.w.org\/{rel}","templated":true}]}}