{"id":475544,"date":"2017-04-23T20:46:51","date_gmt":"2017-04-24T01:46:51","guid":{"rendered":"https:\/\/www.futboltotal.com.mx\/?p=475544"},"modified":"2017-04-23T20:46:51","modified_gmt":"2017-04-24T01:46:51","slug":"fanatico-cruz-azul-paso-maldicion-al-real-madrid","status":"publish","type":"post","link":"http:\/\/desarrollo.grupomedios.com\/futbol\/cambio-de-juego\/fanatico-cruz-azul-paso-maldicion-al-real-madrid\/2017\/04","title":{"rendered":"\u00a1Fan\u00e1tico de Cruz Azul pas\u00f3 maldici\u00f3n al Real Madrid!"},"content":{"rendered":"<p>Carlos Morales es un gran seguidor de <strong>Cruz Azul<\/strong> y a cualquier estadio que va lleva una bufanda de los Celestes. Este domingo volvi\u00f3 a aparecer en el Santiago Bernab\u00e9u -como lo hizo a media semana vestido con la camiseta del Bayern M\u00fanich- y solo lo hizo para salar al Real Madrid.<\/p>\n<p>&#8220;Te pones la del Madrid para que pierdan&#8230; regres\u00e1ndoles la maldici\u00f3n #Cruzazuleada&#8221;, escribi\u00f3 en su cuenta de <em>Instagram<\/em> antes del partido, acompa\u00f1ado de unan fotograf\u00eda en la que luce la camiseta merengue y su bufanda <em>celeste<\/em>.<\/p>\n<p>Los <em>Merengues<\/em> iban ganando el partido, se quedaron con 10 hombres por la expulsi\u00f3n de Ramos y cayeron de \u00faltimo minuto con un gol implacable de Messi. \u00bfSer\u00e1 que su maldici\u00f3n surti\u00f3 efecto?<\/p>\n<p style=\"text-align: center;\"><a href=\"https:\/\/www.futboltotal.com.mx\/2017\/04\/neymar-enloquece-los-goles-messi-al-real-madrid\/\"><span style=\"color: #3366ff;\">VER M\u00c1S: Neymar se vuelve loco con los goles de Messi<\/span><\/a><\/p>\n<blockquote class=\"instagram-media\" style=\"background: #FFF; border: 0; border-radius: 3px; box-shadow: 0 0 1px 0 rgba(0,0,0,0.5),0 1px 10px 0 rgba(0,0,0,0.15); margin: 1px; max-width: 658px; padding: 0; width: calc(100% - 2px);\" data-instgrm-captioned=\"\" data-instgrm-version=\"7\">\n<div style=\"padding: 8px;\">\n<div style=\"background: #F8F8F8; line-height: 0; margin-top: 40px; padding: 50.0% 0; text-align: center; width: 100%;\"><\/div>\n<p style=\"margin: 8px 0 0 0; padding: 0 4px;\"><a style=\"color: #000; font-family: Arial,sans-serif; font-size: 14px; font-style: normal; font-weight: normal; line-height: 17px; text-decoration: none; word-wrap: break-word;\" href=\"https:\/\/www.instagram.com\/p\/BTPesz3gN9l\/\" target=\"_blank\">\u26aa\ufe0f\u26aa\ufe0freal madrid vs barcelona\u07d4\ufd70\uf7d4\uffe0cc te pones la del madrid para que pierdan.. regresandoles la maldicion \u07d8\uf0f0\uf7d8\uffa0#elclasico #cruzazuleada al 92 #laliga @cruzazulfc grande #messi \u07d9\uf370\uf7d9\uffbc\/a&gt;<\/a><\/p>\n<p style=\"color: #c9c8cd; font-family: Arial,sans-serif; font-size: 14px; line-height: 17px; margin-bottom: 0; margin-top: 8px; overflow: hidden; padding: 8px 0 7px; text-align: center; text-overflow: ellipsis; white-space: nowrap;\">A post shared by carlos andres morales (@cmorales94) on <time style=\"font-family: Arial,sans-serif; font-size: 14px; line-height: 17px;\" datetime=\"2017-04-23T20:49:36+00:00\">Apr 23, 2017 at 1:49pm PDT<\/time><\/p>\n<\/div>\n<\/blockquote>\n<p><script async defer src=\"\/\/platform.instagram.com\/en_US\/embeds.js\"><\/script><\/p>\n","protected":false},"excerpt":{"rendered":"<p>Un seguidor de la M\u00e1quina acudi\u00f3 al Bernab\u00e9u con un bander\u00edn de Cruz Azul.<\/p>\n","protected":false},"author":20,"featured_media":475545,"comment_status":"closed","ping_status":"closed","sticky":false,"template":"","format":"standard","meta":[],"categories":[5419],"tags":[5984,1158,5988],"_links":{"self":[{"href":"http:\/\/desarrollo.grupomedios.com\/futbol\/wp-json\/wp\/v2\/posts\/475544"}],"collection":[{"href":"http:\/\/desarrollo.grupomedios.com\/futbol\/wp-json\/wp\/v2\/posts"}],"about":[{"href":"http:\/\/desarrollo.grupomedios.com\/futbol\/wp-json\/wp\/v2\/types\/post"}],"author":[{"embeddable":true,"href":"http:\/\/desarrollo.grupomedios.com\/futbol\/wp-json\/wp\/v2\/users\/20"}],"replies":[{"embeddable":true,"href":"http:\/\/desarrollo.grupomedios.com\/futbol\/wp-json\/wp\/v2\/comments?post=475544"}],"version-history":[{"count":1,"href":"http:\/\/desarrollo.grupomedios.com\/futbol\/wp-json\/wp\/v2\/posts\/475544\/revisions"}],"predecessor-version":[{"id":475546,"href":"http:\/\/desarrollo.grupomedios.com\/futbol\/wp-json\/wp\/v2\/posts\/475544\/revisions\/475546"}],"wp:featuredmedia":[{"embeddable":true,"href":"http:\/\/desarrollo.grupomedios.com\/futbol\/wp-json\/wp\/v2\/media\/475545"}],"wp:attachment":[{"href":"http:\/\/desarrollo.grupomedios.com\/futbol\/wp-json\/wp\/v2\/media?parent=475544"}],"wp:term":[{"taxonomy":"category","embeddable":true,"href":"http:\/\/desarrollo.grupomedios.com\/futbol\/wp-json\/wp\/v2\/categories?post=475544"},{"taxonomy":"post_tag","embeddable":true,"href":"http:\/\/desarrollo.grupomedios.com\/futbol\/wp-json\/wp\/v2\/tags?post=475544"}],"curies":[{"name":"wp","href":"https:\/\/api.w.org\/{rel}","templated":true}]}}