{"id":475620,"date":"2017-04-24T13:05:35","date_gmt":"2017-04-24T18:05:35","guid":{"rendered":"https:\/\/www.futboltotal.com.mx\/?p=475620"},"modified":"2017-04-24T13:05:35","modified_gmt":"2017-04-24T18:05:35","slug":"aseguran-bayern-munich-buscara-fichar-alexis-sanchez","status":"publish","type":"post","link":"http:\/\/desarrollo.grupomedios.com\/futbol\/futbol-internacional\/aseguran-bayern-munich-buscara-fichar-alexis-sanchez\/2017\/04","title":{"rendered":"Aseguran que Bayern Munich buscar\u00e1 fichar a Alexis S\u00e1nchez"},"content":{"rendered":"<p>El <strong>Bayern M\u00fanich<\/strong> estar\u00eda interesado en fichar al internacional chileno <strong>Alexis S\u00e1nchez<\/strong>, con contrato con el <strong>Arsenal<\/strong> ingl\u00e9s hasta 2018, informa el diario deportivo alem\u00e1n Kicker.<\/p>\n<p>El delantero, sobre cuyo futuro en Baviera ya hab\u00eda especulado la prensa brit\u00e1nica, podr\u00eda jugar en punta de ataque junto al delantero polaco Robert Lewandowski, un nueve puro, o incluso sustituirle en caso de necesidad, apunta la publicaci\u00f3n.<\/p>\n<p style=\"text-align: center;\"><span style=\"color: #333399;\"><a style=\"color: #333399;\" href=\"https:\/\/www.futboltotal.com.mx\/2017\/04\/chicharito-dejaria-leverkusen-a-cambio-cifra-historica\/\">VER M\u00c1S: \u00a1Chicharito dejar\u00eda al Leverkusen a cambio de cifra hist\u00f3rica!<\/a><\/span><\/p>\n<p style=\"text-align: left;\">\nDada su versatilidad, tambi\u00e9n podr\u00eda desenvolverse como central ofensivo o en las bandas, demarcaci\u00f3n que ocupan con solvencia en la actualidad Arjen Robben y Franck Rib\u00e9ry, aunque ambas estrellas del conjunto b\u00e1varo, con 33 y 34 a\u00f1os respectivamente, est\u00e1n ya aproxim\u00e1ndose al fin de sus carreras profesionales.<\/p>\n<p>&#8220;Kicker&#8221; incide adem\u00e1s en las crecientes dudas dentro de Bayern sobre el brasile\u00f1o Douglas Costa y el franc\u00e9s Kingsley Coman.<\/p>\n<p style=\"text-align: center;\"><span style=\"color: #333399;\"><a style=\"color: #333399;\" href=\"https:\/\/www.futboltotal.com.mx\/2017\/04\/liguilla-al-momento-asi-se-jugarian-los-cuartos-final\/\">VER M\u00c1S: Liguilla al momento | As\u00ed se jugar\u00edan los cuartos de final<\/a><\/span><\/p>\n<p style=\"text-align: left;\">\nEl contrato de S\u00e1nchez en el Arsenal concluye en julio de 2018 y las negociaciones para su renovaci\u00f3n en el club brit\u00e1nico llevan un tiempo atascadas. S\u00e1nchez, de 28 a\u00f1os, es en la actualidad con 19 goles el tercer mayor goleador de la liga brit\u00e1nica y en las 108 ocasiones que ha vestido la el\u00e1stica de su pa\u00eds ha marcado 37 tantos.<\/p>\n<p>Adem\u00e1s, el diario deportivo alem\u00e1n apunta que el club b\u00e1varo tambi\u00e9n podr\u00eda estar interesado en el defensa brit\u00e1nico Kyle Walker, de 26 a\u00f1os, que est\u00e1 vinculado actualmente al Tottenham Hotspur.<\/p>\n","protected":false},"excerpt":{"rendered":"<p>Alexis ya ha sido vinculado antes con el Bayern, donde podr\u00eda hacer dupla con Lewandowski.<\/p>\n","protected":false},"author":144,"featured_media":454239,"comment_status":"closed","ping_status":"closed","sticky":false,"template":"","format":"standard","meta":[],"categories":[7740,3839,6822,3846],"tags":[6053,6044,2056,4847],"_links":{"self":[{"href":"http:\/\/desarrollo.grupomedios.com\/futbol\/wp-json\/wp\/v2\/posts\/475620"}],"collection":[{"href":"http:\/\/desarrollo.grupomedios.com\/futbol\/wp-json\/wp\/v2\/posts"}],"about":[{"href":"http:\/\/desarrollo.grupomedios.com\/futbol\/wp-json\/wp\/v2\/types\/post"}],"author":[{"embeddable":true,"href":"http:\/\/desarrollo.grupomedios.com\/futbol\/wp-json\/wp\/v2\/users\/144"}],"replies":[{"embeddable":true,"href":"http:\/\/desarrollo.grupomedios.com\/futbol\/wp-json\/wp\/v2\/comments?post=475620"}],"version-history":[{"count":1,"href":"http:\/\/desarrollo.grupomedios.com\/futbol\/wp-json\/wp\/v2\/posts\/475620\/revisions"}],"predecessor-version":[{"id":475623,"href":"http:\/\/desarrollo.grupomedios.com\/futbol\/wp-json\/wp\/v2\/posts\/475620\/revisions\/475623"}],"wp:featuredmedia":[{"embeddable":true,"href":"http:\/\/desarrollo.grupomedios.com\/futbol\/wp-json\/wp\/v2\/media\/454239"}],"wp:attachment":[{"href":"http:\/\/desarrollo.grupomedios.com\/futbol\/wp-json\/wp\/v2\/media?parent=475620"}],"wp:term":[{"taxonomy":"category","embeddable":true,"href":"http:\/\/desarrollo.grupomedios.com\/futbol\/wp-json\/wp\/v2\/categories?post=475620"},{"taxonomy":"post_tag","embeddable":true,"href":"http:\/\/desarrollo.grupomedios.com\/futbol\/wp-json\/wp\/v2\/tags?post=475620"}],"curies":[{"name":"wp","href":"https:\/\/api.w.org\/{rel}","templated":true}]}}