{"id":475636,"date":"2017-04-24T14:26:32","date_gmt":"2017-04-24T19:26:32","guid":{"rendered":"https:\/\/www.futboltotal.com.mx\/?p=475636"},"modified":"2017-04-24T14:26:32","modified_gmt":"2017-04-24T19:26:32","slug":"nino-10-anos-fue-asesinado-entrenador-en-uruguay","status":"publish","type":"post","link":"http:\/\/desarrollo.grupomedios.com\/futbol\/futbol-internacional\/nino-10-anos-fue-asesinado-entrenador-en-uruguay\/2017\/04","title":{"rendered":"Ni\u00f1o de 10 a\u00f1os fue asesinado por su entrenador en Uruguay"},"content":{"rendered":"<p>Una tragedia sucedi\u00f3 en Uruguay, con un ni\u00f1o que perdi\u00f3 la vida a manos de su entrenador de futbol, quien despu\u00e9s de cometer el crimen se suicid\u00f3, esto de acuerdo a los reportes policiales.<\/p>\n<p>La v\u00edctima, de nombre <strong>Felipe Romero<\/strong>, apenas contaba con 10 a\u00f1os y era hijo del ex futbolista <strong>Luis Romero<\/strong>, quien jug\u00f3 para clubes como <strong>Pe\u00f1arol<\/strong> y <strong>Nacional<\/strong>.<\/p>\n<p>El cuerpo de <strong>Felipe<\/strong> fue encontrado a unos 150 kil\u00f3metros al noreste de Montevideo y\u00a0al lado tambi\u00e9n se encontraba el cuerpo de su entrenador, <strong>Fernando Sierra<\/strong>.<\/p>\n<p style=\"text-align: center;\"><span style=\"color: #333399;\"><a style=\"color: #333399;\" href=\"https:\/\/www.futboltotal.com.mx\/2017\/04\/11-infame-la-jornada-15-del-clausura-2017\/\">VER M\u00c1S: El 11 infame de la jornada 15 del Clausura 2017<\/a><\/span><\/p>\n<p>Seg\u00fan informes de forenses, se confirm\u00f3 que el ni\u00f1o fue abusado sexualmente para despu\u00e9s perder la vida de un disparo a la cabeza, igual que el entrenador, quien luego de haber realizado el ataque al infante se suicid\u00f3.<\/p>\n<p>Alexandra P\u00e9rez, la madre del ni\u00f1o y quien trabaja en la polic\u00eda, declar\u00f3 que el entrenador siempre vio a Felipe como el ni\u00f1o que siempre quiso tener como hijo, pues \u00e9l se lo dijo a ella, por lo que confiaba en Sierra\u00a0y nunca tuvo problema en que pasara tiempo con su hijo durante los \u00faltimos dos a\u00f1os.<\/p>\n<p>&#8220;A su vez Felipe siempre me manifest\u00f3 la necesidad de un padre. Yo soy madre soltera, el padre est\u00e1 ausente siempre, y se complementaron&#8221;, agreg\u00f3 la madre.<\/p>\n<p style=\"text-align: center;\"><span style=\"color: #333399;\"><a style=\"color: #333399;\" href=\"https:\/\/www.futboltotal.com.mx\/2017\/04\/chicharito-dejaria-leverkusen-a-cambio-cifra-historica\/\">VER M\u00c1S: \u00a1Chicharito dejar\u00eda al Leverkusen a cambio de cifra hist\u00f3rica!<\/a><\/span><\/p>\n","protected":false},"excerpt":{"rendered":"<p>El cuerpo del ni\u00f1o Felipe Romero fue encontrado junto al de su asesino.<\/p>\n","protected":false},"author":20,"featured_media":475637,"comment_status":"closed","ping_status":"closed","sticky":false,"template":"","format":"standard","meta":[],"categories":[5419,3839],"tags":[8507,8508,8509,503],"_links":{"self":[{"href":"http:\/\/desarrollo.grupomedios.com\/futbol\/wp-json\/wp\/v2\/posts\/475636"}],"collection":[{"href":"http:\/\/desarrollo.grupomedios.com\/futbol\/wp-json\/wp\/v2\/posts"}],"about":[{"href":"http:\/\/desarrollo.grupomedios.com\/futbol\/wp-json\/wp\/v2\/types\/post"}],"author":[{"embeddable":true,"href":"http:\/\/desarrollo.grupomedios.com\/futbol\/wp-json\/wp\/v2\/users\/20"}],"replies":[{"embeddable":true,"href":"http:\/\/desarrollo.grupomedios.com\/futbol\/wp-json\/wp\/v2\/comments?post=475636"}],"version-history":[{"count":1,"href":"http:\/\/desarrollo.grupomedios.com\/futbol\/wp-json\/wp\/v2\/posts\/475636\/revisions"}],"predecessor-version":[{"id":475645,"href":"http:\/\/desarrollo.grupomedios.com\/futbol\/wp-json\/wp\/v2\/posts\/475636\/revisions\/475645"}],"wp:featuredmedia":[{"embeddable":true,"href":"http:\/\/desarrollo.grupomedios.com\/futbol\/wp-json\/wp\/v2\/media\/475637"}],"wp:attachment":[{"href":"http:\/\/desarrollo.grupomedios.com\/futbol\/wp-json\/wp\/v2\/media?parent=475636"}],"wp:term":[{"taxonomy":"category","embeddable":true,"href":"http:\/\/desarrollo.grupomedios.com\/futbol\/wp-json\/wp\/v2\/categories?post=475636"},{"taxonomy":"post_tag","embeddable":true,"href":"http:\/\/desarrollo.grupomedios.com\/futbol\/wp-json\/wp\/v2\/tags?post=475636"}],"curies":[{"name":"wp","href":"https:\/\/api.w.org\/{rel}","templated":true}]}}